{"id":10002,"date":"2023-11-10T10:13:25","date_gmt":"2023-11-10T09:13:25","guid":{"rendered":"http:\/\/sp91krakow.pl\/sp91\/?p=10002"},"modified":"2024-09-16T08:31:08","modified_gmt":"2024-09-16T06:31:08","slug":"zywe-obrazy-wyniki-konkursu-fotograficznego","status":"publish","type":"post","link":"http:\/\/sp91krakow.pl\/sp91\/2023\/11\/10\/zywe-obrazy-wyniki-konkursu-fotograficznego\/","title":{"rendered":"\u017bywe obrazy \u2013 wyniki konkursu fotograficznego"},"content":{"rendered":"<p style=\"text-align: justify;\"><strong><span style=\"color: #000080;\">W dniu 8.11.2023 r. w bibliotece szkolnej odby\u0142o si\u0119 rozdanie nagr\u00f3d w szkolnym konkursie fotograficznym pt.: \u201e \u017bywe obrazy\u201d skierowanym do uczni\u00f3w klas 4 \u2013 8, zorganizowanym przez bibliotek\u0119 szkoln\u0105 w ramach szkolnych obchod\u00f3w Mi\u0119dzynarodowego Miesi\u0105ca Bibliotek Szkolnych 2023 oraz realizacji programu Priorytet 3 Narodowego Programu Rozwoju Czytelnictwa 2.0 na lata 2021-2025.<\/span><\/strong><\/p>\n<p><a href=\"http:\/\/sp91krakow.pl\/sp91\/wp-content\/uploads\/2023\/11\/Laureaci.jpg\"><img fetchpriority=\"high\" decoding=\"async\" class=\"aligncenter size-full wp-image-10015\" src=\"http:\/\/sp91krakow.pl\/sp91\/wp-content\/uploads\/2023\/11\/Laureaci.jpg\" alt=\"\" width=\"1333\" height=\"2000\" srcset=\"http:\/\/sp91krakow.pl\/sp91\/wp-content\/uploads\/2023\/11\/Laureaci.jpg 1333w, http:\/\/sp91krakow.pl\/sp91\/wp-content\/uploads\/2023\/11\/Laureaci-200x300.jpg 200w, http:\/\/sp91krakow.pl\/sp91\/wp-content\/uploads\/2023\/11\/Laureaci-682x1024.jpg 682w, http:\/\/sp91krakow.pl\/sp91\/wp-content\/uploads\/2023\/11\/Laureaci-768x1152.jpg 768w, http:\/\/sp91krakow.pl\/sp91\/wp-content\/uploads\/2023\/11\/Laureaci-1024x1536.jpg 1024w, http:\/\/sp91krakow.pl\/sp91\/wp-content\/uploads\/2023\/11\/Laureaci-720x1080.jpg 720w\" sizes=\"(max-width: 1333px) 100vw, 1333px\" \/><\/a><\/p>\n<p style=\"text-align: justify;\"><span style=\"color: #000080;\">Zadaniem uczestnik\u00f3w konkursu by\u0142o wykonanie zdj\u0119cia przedstawiaj\u0105cego oryginalny obraz. Nale\u017ca\u0142o wybra\u0107 obraz dowolnego malarza przedstawiaj\u0105cy osob\u0119, a nast\u0119pnie wykona\u0107 fotografi\u0119, kt\u00f3ra b\u0119dzie odzwierciedleniem oryginalnego obrazu tj. podobny str\u00f3j, poza, otoczenie itp. Odzwierciedlenie obrazu mo\u017cna by\u0142o uzyska\u0107 poprzez mimik\u0119, ubi\u00f3r, fryzur\u0119 czy dob\u00f3r odpowiednich<\/span><br \/><span style=\"color: #000080;\">rekwizyt\u00f3w.<\/span><\/p>\n<p style=\"text-align: justify;\"><span style=\"color: #000080;\">Kryteria oceny fotografii: wierne odwzorowanie oryginalnego obrazu: odtworzenia gest\u00f3w, mimiki i pozy postaci, u\u017cycie rekwizyt\u00f3w, kostium\u00f3w, dopasowanie t\u0142a, dok\u0142adno\u015b\u0107 wykonania scenografii, warto\u015b\u0107 artystyczna fotografii, kreatywno\u015b\u0107 w realizacji zadania.<\/span><\/p>\n<p style=\"text-align: justify;\"><span style=\"color: #000080;\">Pi\u0119cioro uczni\u00f3w podj\u0119\u0142o si\u0119 zadania. Wszyscy uczestniczy otrzymali nagrody ksi\u0105\u017ckowe oraz dyplomy.<\/span><\/p>\n<p style=\"text-align: justify;\"><span style=\"color: #000080;\">Zakup nagr\u00f3d zosta\u0142 sfinansowany z otrzymanego wsparcia z programu Priorytet 3 Narodowego Programu Rozwoju Czytelnictwa 2.0 na lata 2021-2025.<\/span><\/p>\n<p style=\"text-align: justify;\"><span style=\"color: #000080;\">Poni\u017cej prezentacja prac konkursowych.<\/span><br \/><span style=\"color: #000080;\">mgr Aleksandra B\u0142a\u017cewicz, nauczyciel bibliotekarz<\/span><\/p>\n<p>&nbsp;<\/p>\n<div style=\"width: 1920px;\" class=\"wp-video\"><video class=\"wp-video-shortcode\" id=\"video-10002-1\" width=\"1920\" height=\"1080\" preload=\"metadata\" controls=\"controls\"><source type=\"video\/mp4\" src=\"http:\/\/sp91krakow.pl\/sp91\/wp-content\/uploads\/2023\/11\/Zywe-obrazy-prace.mp4?_=1\" \/><a href=\"http:\/\/sp91krakow.pl\/sp91\/wp-content\/uploads\/2023\/11\/Zywe-obrazy-prace.mp4\">http:\/\/sp91krakow.pl\/sp91\/wp-content\/uploads\/2023\/11\/Zywe-obrazy-prace.mp4<\/a><\/video><\/div>\n<p>&nbsp;<\/p>\n","protected":false},"excerpt":{"rendered":"<p>W dniu 8.11.2023 r. w bibliotece szkolnej odby\u0142o si\u0119 rozdanie nagr\u00f3d w szkolnym konkursie fotograficznym pt.: \u201e \u017bywe obrazy\u201d skierowanym do uczni\u00f3w klas 4 \u2013 8, zorganizowanym przez bibliotek\u0119 szkoln\u0105 w ramach szkolnych obchod\u00f3w Mi\u0119dzynarodowego Miesi\u0105ca Bibliotek Szkolnych 2023 oraz realizacji programu Priorytet 3 Narodowego Programu Rozwoju Czytelnictwa 2.0 na lata 2021-2025. Zadaniem uczestnik\u00f3w konkursu&hellip; <br \/> <a class=\"read-more\" href=\"http:\/\/sp91krakow.pl\/sp91\/2023\/11\/10\/zywe-obrazy-wyniki-konkursu-fotograficznego\/\">Dowiedz si\u0119 wi\u0119cej<\/a><\/p>\n","protected":false},"author":1,"featured_media":10004,"comment_status":"closed","ping_status":"closed","sticky":false,"template":"","format":"standard","meta":{"rop_custom_images_group":[],"rop_custom_messages_group":[],"rop_publish_now":"initial","rop_publish_now_accounts":[],"rop_publish_now_history":[],"rop_publish_now_status":"pending","footnotes":""},"categories":[121,8,139],"tags":[],"class_list":["post-10002","post","type-post","status-publish","format-standard","has-post-thumbnail","hentry","category-klasy-4-8","category-najnowsze-wydarzenia","category-z-zycia-biblioteki"],"_links":{"self":[{"href":"http:\/\/sp91krakow.pl\/sp91\/wp-json\/wp\/v2\/posts\/10002","targetHints":{"allow":["GET"]}}],"collection":[{"href":"http:\/\/sp91krakow.pl\/sp91\/wp-json\/wp\/v2\/posts"}],"about":[{"href":"http:\/\/sp91krakow.pl\/sp91\/wp-json\/wp\/v2\/types\/post"}],"author":[{"embeddable":true,"href":"http:\/\/sp91krakow.pl\/sp91\/wp-json\/wp\/v2\/users\/1"}],"replies":[{"embeddable":true,"href":"http:\/\/sp91krakow.pl\/sp91\/wp-json\/wp\/v2\/comments?post=10002"}],"version-history":[{"count":3,"href":"http:\/\/sp91krakow.pl\/sp91\/wp-json\/wp\/v2\/posts\/10002\/revisions"}],"predecessor-version":[{"id":10016,"href":"http:\/\/sp91krakow.pl\/sp91\/wp-json\/wp\/v2\/posts\/10002\/revisions\/10016"}],"wp:featuredmedia":[{"embeddable":true,"href":"http:\/\/sp91krakow.pl\/sp91\/wp-json\/wp\/v2\/media\/10004"}],"wp:attachment":[{"href":"http:\/\/sp91krakow.pl\/sp91\/wp-json\/wp\/v2\/media?parent=10002"}],"wp:term":[{"taxonomy":"category","embeddable":true,"href":"http:\/\/sp91krakow.pl\/sp91\/wp-json\/wp\/v2\/categories?post=10002"},{"taxonomy":"post_tag","embeddable":true,"href":"http:\/\/sp91krakow.pl\/sp91\/wp-json\/wp\/v2\/tags?post=10002"}],"curies":[{"name":"wp","href":"https:\/\/api.w.org\/{rel}","templated":true}]}}