{"id":10373,"date":"2024-02-07T09:55:20","date_gmt":"2024-02-07T08:55:20","guid":{"rendered":"http:\/\/sp91krakow.pl\/sp91\/?p=10373"},"modified":"2024-03-01T09:58:26","modified_gmt":"2024-03-01T08:58:26","slug":"puchar-wszechstronnosci-stylowej-w-oswiecimiu-2","status":"publish","type":"post","link":"http:\/\/sp91krakow.pl\/sp91\/2024\/02\/07\/puchar-wszechstronnosci-stylowej-w-oswiecimiu-2\/","title":{"rendered":"Puchar Wszechstronno\u015bci Stylowej w O\u015bwi\u0119cimiu"},"content":{"rendered":"<p>W ostatni\u0105 sobot\u0119 zawodnicy 11, 12 i 13-stoletni wystartowali w Pucharze Wszechstronno\u015bci Stylowej w O\u015bwi\u0119cimiu. Wymagaj\u0105ce zawody trwa\u0142y do p\u00f3\u017anych godzin wieczornych, a starty wszystkimi stylami nie nale\u017ca\u0142y do najl\u017cejszych.<\/p>\n<p>Na podium stan\u0119li:<br \/>Trela Sergiusz\u00a0<img decoding=\"async\" class=\"an1\" src=\"https:\/\/fonts.gstatic.com\/s\/e\/notoemoji\/15.0\/1f947\/72.png\" alt=\"\ud83e\udd47\" data-emoji=\"\ud83e\udd47\" aria-label=\"\ud83e\udd47\" \/><img decoding=\"async\" class=\"an1\" src=\"https:\/\/fonts.gstatic.com\/s\/e\/notoemoji\/15.0\/1f948\/72.png\" alt=\"\ud83e\udd48\" data-emoji=\"\ud83e\udd48\" aria-label=\"\ud83e\udd48\" \/>\u00a0&#8211;\u00a0<img decoding=\"async\" class=\"an1\" src=\"https:\/\/fonts.gstatic.com\/s\/e\/notoemoji\/15.0\/1f3c6\/72.png\" alt=\"\ud83c\udfc6\" data-emoji=\"\ud83c\udfc6\" aria-label=\"\ud83c\udfc6\" \/>\u00a0IIIm. w klasyfikacji generalnej<br \/>Kobis Kamila<img decoding=\"async\" class=\"an1\" src=\"https:\/\/fonts.gstatic.com\/s\/e\/notoemoji\/15.0\/1f948\/72.png\" alt=\"\ud83e\udd48\" data-emoji=\"\ud83e\udd48\" aria-label=\"\ud83e\udd48\" \/><br \/>Czarnecka Maja<img decoding=\"async\" class=\"an1\" src=\"https:\/\/fonts.gstatic.com\/s\/e\/notoemoji\/15.0\/1f948\/72.png\" alt=\"\ud83e\udd48\" data-emoji=\"\ud83e\udd48\" aria-label=\"\ud83e\udd48\" \/><\/p>\n<p>W dekorowanej sz\u00f3stce znale\u017ali si\u0119 r\u00f3wnie\u017c:<br \/>Matyasik \u0141ucja<br \/>Kozak Natalia<br \/>Gromko Dawid<\/p>\n<p>Wszystkim zawodnikom serdecznie gratulujemy! \ud83d\ude42<\/p>\n","protected":false},"excerpt":{"rendered":"<p>W ostatni\u0105 sobot\u0119 zawodnicy 11, 12 i 13-stoletni wystartowali w Pucharze Wszechstronno\u015bci Stylowej w O\u015bwi\u0119cimiu. Wymagaj\u0105ce zawody trwa\u0142y do p\u00f3\u017anych godzin wieczornych, a starty wszystkimi stylami nie nale\u017ca\u0142y do najl\u017cejszych. Na podium stan\u0119li:Trela Sergiusz\u00a0\u00a0&#8211;\u00a0\u00a0IIIm. w klasyfikacji generalnejKobis KamilaCzarnecka Maja W dekorowanej sz\u00f3stce znale\u017ali si\u0119 r\u00f3wnie\u017c:Matyasik \u0141ucjaKozak NataliaGromko Dawid Wszystkim zawodnikom serdecznie gratulujemy! \ud83d\ude42<\/p>\n","protected":false},"author":1,"featured_media":10374,"comment_status":"closed","ping_status":"closed","sticky":false,"template":"","format":"standard","meta":{"rop_custom_images_group":[],"rop_custom_messages_group":[],"rop_publish_now":"initial","rop_publish_now_accounts":[],"rop_publish_now_history":[],"rop_publish_now_status":"pending","footnotes":""},"categories":[8,4],"tags":[],"class_list":["post-10373","post","type-post","status-publish","format-standard","has-post-thumbnail","hentry","category-najnowsze-wydarzenia","category-sport"],"_links":{"self":[{"href":"http:\/\/sp91krakow.pl\/sp91\/wp-json\/wp\/v2\/posts\/10373","targetHints":{"allow":["GET"]}}],"collection":[{"href":"http:\/\/sp91krakow.pl\/sp91\/wp-json\/wp\/v2\/posts"}],"about":[{"href":"http:\/\/sp91krakow.pl\/sp91\/wp-json\/wp\/v2\/types\/post"}],"author":[{"embeddable":true,"href":"http:\/\/sp91krakow.pl\/sp91\/wp-json\/wp\/v2\/users\/1"}],"replies":[{"embeddable":true,"href":"http:\/\/sp91krakow.pl\/sp91\/wp-json\/wp\/v2\/comments?post=10373"}],"version-history":[{"count":3,"href":"http:\/\/sp91krakow.pl\/sp91\/wp-json\/wp\/v2\/posts\/10373\/revisions"}],"predecessor-version":[{"id":10377,"href":"http:\/\/sp91krakow.pl\/sp91\/wp-json\/wp\/v2\/posts\/10373\/revisions\/10377"}],"wp:featuredmedia":[{"embeddable":true,"href":"http:\/\/sp91krakow.pl\/sp91\/wp-json\/wp\/v2\/media\/10374"}],"wp:attachment":[{"href":"http:\/\/sp91krakow.pl\/sp91\/wp-json\/wp\/v2\/media?parent=10373"}],"wp:term":[{"taxonomy":"category","embeddable":true,"href":"http:\/\/sp91krakow.pl\/sp91\/wp-json\/wp\/v2\/categories?post=10373"},{"taxonomy":"post_tag","embeddable":true,"href":"http:\/\/sp91krakow.pl\/sp91\/wp-json\/wp\/v2\/tags?post=10373"}],"curies":[{"name":"wp","href":"https:\/\/api.w.org\/{rel}","templated":true}]}}