{"id":13200,"date":"2024-10-21T16:02:08","date_gmt":"2024-10-21T14:02:08","guid":{"rendered":"http:\/\/sp91krakow.pl\/sp91\/?p=13200"},"modified":"2024-10-21T16:05:27","modified_gmt":"2024-10-21T14:05:27","slug":"i-krakowska-konferencja-panelowa-aktywnosc-spoleczna-i-polityczna-mlodziezy","status":"publish","type":"post","link":"http:\/\/sp91krakow.pl\/sp91\/2024\/10\/21\/i-krakowska-konferencja-panelowa-aktywnosc-spoleczna-i-polityczna-mlodziezy\/","title":{"rendered":"I Krakowska Konferencja Panelowa &#8220;Aktywno\u015b\u0107 spo\u0142eczna i polityczna m\u0142odzie\u017cy&#8221;"},"content":{"rendered":"\t\t<div data-elementor-type=\"wp-post\" data-elementor-id=\"13200\" class=\"elementor elementor-13200\">\n\t\t\t\t<div class=\"elementor-element elementor-element-8fa946e e-flex e-con-boxed e-con e-parent\" data-id=\"8fa946e\" data-element_type=\"container\" data-e-type=\"container\">\n\t\t\t\t\t<div class=\"e-con-inner\">\n\t\t\t\t<div class=\"elementor-element elementor-element-2b322fe elementor-widget elementor-widget-text-editor\" data-id=\"2b322fe\" data-element_type=\"widget\" data-e-type=\"widget\" data-widget_type=\"text-editor.default\">\n\t\t\t\t<div class=\"elementor-widget-container\">\n\t\t\t\t\t\t\t\t\t<p style=\"text-align: justify;\"><span style=\"font-size: 18px; color: #000000;\">\u00a0<span style=\"font-weight: var( --e-global-typography-text-font-weight ); text-align: var(--text-align); background-image: initial; background-position: initial; background-size: initial; background-repeat: initial; background-attachment: initial; background-origin: initial; background-clip: initial; font-family: HelveticaNeue, serif;\">18 wrze\u015bnia 2024 roku odby\u0142a si\u0119 I\u00a0Krakowska Konferencja Panelowa po\u015bwi\u0119cona aktywno\u015bci spo\u0142ecznej i politycznej m\u0142odzie\u017cy. <\/span><\/span><\/p><\/div><\/div><\/div><\/div><\/div> <a href=\"http:\/\/sp91krakow.pl\/sp91\/2024\/10\/21\/i-krakowska-konferencja-panelowa-aktywnosc-spoleczna-i-polityczna-mlodziezy\/#more-13200\" class=\"more-link elementor-more-link\"><span aria-label=\"Czytaj dalej I Krakowska Konferencja Panelowa &#8220;Aktywno\u015b\u0107 spo\u0142eczna i polityczna m\u0142odzie\u017cy&#8221;\">(wi\u0119cej&hellip;)<\/span><\/a>","protected":false},"excerpt":{"rendered":"<p>\u00a018 wrze\u015bnia 2024 roku odby\u0142a si\u0119 I\u00a0Krakowska Konferencja Panelowa po\u015bwi\u0119cona aktywno\u015bci spo\u0142ecznej i politycznej m\u0142odzie\u017cy.<\/p>\n","protected":false},"author":1,"featured_media":13201,"comment_status":"closed","ping_status":"closed","sticky":false,"template":"","format":"standard","meta":{"rop_custom_images_group":[],"rop_custom_messages_group":[],"rop_publish_now":"initial","rop_publish_now_accounts":[],"rop_publish_now_history":[],"rop_publish_now_status":"pending","footnotes":""},"categories":[8],"tags":[],"class_list":["post-13200","post","type-post","status-publish","format-standard","has-post-thumbnail","hentry","category-najnowsze-wydarzenia"],"_links":{"self":[{"href":"http:\/\/sp91krakow.pl\/sp91\/wp-json\/wp\/v2\/posts\/13200","targetHints":{"allow":["GET"]}}],"collection":[{"href":"http:\/\/sp91krakow.pl\/sp91\/wp-json\/wp\/v2\/posts"}],"about":[{"href":"http:\/\/sp91krakow.pl\/sp91\/wp-json\/wp\/v2\/types\/post"}],"author":[{"embeddable":true,"href":"http:\/\/sp91krakow.pl\/sp91\/wp-json\/wp\/v2\/users\/1"}],"replies":[{"embeddable":true,"href":"http:\/\/sp91krakow.pl\/sp91\/wp-json\/wp\/v2\/comments?post=13200"}],"version-history":[{"count":3,"href":"http:\/\/sp91krakow.pl\/sp91\/wp-json\/wp\/v2\/posts\/13200\/revisions"}],"predecessor-version":[{"id":13204,"href":"http:\/\/sp91krakow.pl\/sp91\/wp-json\/wp\/v2\/posts\/13200\/revisions\/13204"}],"wp:featuredmedia":[{"embeddable":true,"href":"http:\/\/sp91krakow.pl\/sp91\/wp-json\/wp\/v2\/media\/13201"}],"wp:attachment":[{"href":"http:\/\/sp91krakow.pl\/sp91\/wp-json\/wp\/v2\/media?parent=13200"}],"wp:term":[{"taxonomy":"category","embeddable":true,"href":"http:\/\/sp91krakow.pl\/sp91\/wp-json\/wp\/v2\/categories?post=13200"},{"taxonomy":"post_tag","embeddable":true,"href":"http:\/\/sp91krakow.pl\/sp91\/wp-json\/wp\/v2\/tags?post=13200"}],"curies":[{"name":"wp","href":"https:\/\/api.w.org\/{rel}","templated":true}]}}