{"id":14452,"date":"2024-11-21T10:15:42","date_gmt":"2024-11-21T09:15:42","guid":{"rendered":"http:\/\/sp91krakow.pl\/sp91\/?p=14452"},"modified":"2024-11-21T10:18:02","modified_gmt":"2024-11-21T09:18:02","slug":"apel-z-okazji-swieta-niepodleglosci","status":"publish","type":"post","link":"http:\/\/sp91krakow.pl\/sp91\/2024\/11\/21\/apel-z-okazji-swieta-niepodleglosci\/","title":{"rendered":"APEL Z OKAZJI \u015aWI\u0118TA NIEPODLEG\u0141O\u015aCI"},"content":{"rendered":"\t\t<div data-elementor-type=\"wp-post\" data-elementor-id=\"14452\" class=\"elementor elementor-14452\">\n\t\t\t\t<div class=\"elementor-element elementor-element-311624e5 e-flex e-con-boxed e-con e-parent\" data-id=\"311624e5\" data-element_type=\"container\" data-e-type=\"container\">\n\t\t\t\t\t<div class=\"e-con-inner\">\n\t\t\t\t<div class=\"elementor-element elementor-element-1bb9c513 elementor-widget elementor-widget-text-editor\" data-id=\"1bb9c513\" data-element_type=\"widget\" data-e-type=\"widget\" data-widget_type=\"text-editor.default\">\n\t\t\t\t<div class=\"elementor-widget-container\">\n\t\t\t\t\t\t\t\t\t<p style=\"text-align: justify;\"><span style=\"font-size: 18px;\">Dnia 8 listopada w Szkole Podstawowej nr 91 w Krakowie odby\u0142a sie uroczysta akademia z okazji Narodowego \u015awi\u0119ta Niepodleg\u0142o\u015bci na pami\u0105tk\u0119 106 rocznicy odzyskania przez Polsk\u0119 niepodleg\u0142o\u015bci. <\/span><\/p><\/div><\/div><\/div><\/div><\/div> <a href=\"http:\/\/sp91krakow.pl\/sp91\/2024\/11\/21\/apel-z-okazji-swieta-niepodleglosci\/#more-14452\" class=\"more-link elementor-more-link\"><span aria-label=\"Czytaj dalej APEL Z OKAZJI \u015aWI\u0118TA NIEPODLEG\u0141O\u015aCI\">(wi\u0119cej&hellip;)<\/span><\/a>","protected":false},"excerpt":{"rendered":"<p>Dnia 8 listopada w Szkole Podstawowej nr 91 w Krakowie odby\u0142a sie uroczysta akademia z okazji Narodowego \u015awi\u0119ta Niepodleg\u0142o\u015bci na pami\u0105tk\u0119 106 rocznicy odzyskania przez Polsk\u0119 niepodleg\u0142o\u015bci.<\/p>\n","protected":false},"author":1,"featured_media":14453,"comment_status":"closed","ping_status":"closed","sticky":false,"template":"","format":"standard","meta":{"rop_custom_images_group":[],"rop_custom_messages_group":[],"rop_publish_now":"initial","rop_publish_now_accounts":[],"rop_publish_now_history":[],"rop_publish_now_status":"pending","footnotes":""},"categories":[121,8,3],"tags":[],"class_list":["post-14452","post","type-post","status-publish","format-standard","has-post-thumbnail","hentry","category-klasy-4-8","category-najnowsze-wydarzenia","category-wydarzenia-szkolne"],"_links":{"self":[{"href":"http:\/\/sp91krakow.pl\/sp91\/wp-json\/wp\/v2\/posts\/14452","targetHints":{"allow":["GET"]}}],"collection":[{"href":"http:\/\/sp91krakow.pl\/sp91\/wp-json\/wp\/v2\/posts"}],"about":[{"href":"http:\/\/sp91krakow.pl\/sp91\/wp-json\/wp\/v2\/types\/post"}],"author":[{"embeddable":true,"href":"http:\/\/sp91krakow.pl\/sp91\/wp-json\/wp\/v2\/users\/1"}],"replies":[{"embeddable":true,"href":"http:\/\/sp91krakow.pl\/sp91\/wp-json\/wp\/v2\/comments?post=14452"}],"version-history":[{"count":4,"href":"http:\/\/sp91krakow.pl\/sp91\/wp-json\/wp\/v2\/posts\/14452\/revisions"}],"predecessor-version":[{"id":14458,"href":"http:\/\/sp91krakow.pl\/sp91\/wp-json\/wp\/v2\/posts\/14452\/revisions\/14458"}],"wp:featuredmedia":[{"embeddable":true,"href":"http:\/\/sp91krakow.pl\/sp91\/wp-json\/wp\/v2\/media\/14453"}],"wp:attachment":[{"href":"http:\/\/sp91krakow.pl\/sp91\/wp-json\/wp\/v2\/media?parent=14452"}],"wp:term":[{"taxonomy":"category","embeddable":true,"href":"http:\/\/sp91krakow.pl\/sp91\/wp-json\/wp\/v2\/categories?post=14452"},{"taxonomy":"post_tag","embeddable":true,"href":"http:\/\/sp91krakow.pl\/sp91\/wp-json\/wp\/v2\/tags?post=14452"}],"curies":[{"name":"wp","href":"https:\/\/api.w.org\/{rel}","templated":true}]}}