{"id":14972,"date":"2024-12-10T11:19:36","date_gmt":"2024-12-10T10:19:36","guid":{"rendered":"http:\/\/sp91krakow.pl\/sp91\/?p=14972"},"modified":"2024-12-11T11:24:47","modified_gmt":"2024-12-11T10:24:47","slug":"mistrzostwa-wojewodztwa-malopolskiego-w-plywaniu-dzieci-i-mlodzikow","status":"publish","type":"post","link":"http:\/\/sp91krakow.pl\/sp91\/2024\/12\/10\/mistrzostwa-wojewodztwa-malopolskiego-w-plywaniu-dzieci-i-mlodzikow\/","title":{"rendered":"Mistrzostwa Wojew\u00f3dztwa Ma\u0142opolskiego w P\u0142ywaniu Dzieci i M\u0142odzik\u00f3w"},"content":{"rendered":"\t\t<div data-elementor-type=\"wp-post\" data-elementor-id=\"14972\" class=\"elementor elementor-14972\">\n\t\t\t\t<div class=\"elementor-element elementor-element-7cf849d e-flex e-con-boxed e-con e-parent\" data-id=\"7cf849d\" data-element_type=\"container\" data-e-type=\"container\">\n\t\t\t\t\t<div class=\"e-con-inner\">\n\t\t\t\t<div class=\"elementor-element elementor-element-b8ab180 elementor-widget elementor-widget-text-editor\" data-id=\"b8ab180\" data-element_type=\"widget\" data-e-type=\"widget\" data-widget_type=\"text-editor.default\">\n\t\t\t\t<div class=\"elementor-widget-container\">\n\t\t\t\t\t\t\t\t\t<p class=\"MsoNormal\" style=\"text-align: justify;\"><span style=\"font-family: Aptos; font-size: 18px;\"><img decoding=\"async\" id=\"_x0000_i1027\" style=\"max-width: 683px; height: 16px; width: 16px;\" src=\"https:\/\/static.xx.fbcdn.net\/images\/emoji.php\/v9\/t36\/2\/16\/1f3ca_200d_2640.png\" alt=\"\ud83c\udfca\u200d\u2640\ufe0f\" width=\"16\" height=\"16\"\/><img decoding=\"async\" id=\"_x0000_i1028\" style=\"max-width: 683px; height: 16px; width: 16px;\" src=\"https:\/\/static.xx.fbcdn.net\/images\/emoji.php\/v9\/t27\/2\/16\/1f385.png\" alt=\"\ud83c\udf85\" width=\"16\" height=\"16\"\/> W ten miko\u0142ajkowy dzie\u0144 nasi wspaniali p\u0142ywacy stan\u0119li do rywalizacji podczas Mistrzostw Wojew\u00f3dztwa Ma\u0142opolskiego w P\u0142ywaniu Dzieci i M\u0142odzik\u00f3w, kt\u00f3re odby\u0142y si\u0119 w O\u015bwi\u0119cimiu.<img decoding=\"async\" id=\"_x0000_i1029\" style=\"max-width: 683px; height: 16px; width: 16px;\" src=\"https:\/\/static.xx.fbcdn.net\/images\/emoji.php\/v9\/tb\/2\/16\/1f499.png\" alt=\"\ud83d\udc99\" width=\"16\" height=\"16\"\/><img loading=\"lazy\" decoding=\"async\" id=\"_x0000_i1030\" style=\"max-width: 683px; height: 16px; width: 16px;\" src=\"https:\/\/static.xx.fbcdn.net\/images\/emoji.php\/v9\/tb\/2\/16\/1f4aa.png\" alt=\"\ud83d\udcaa\" width=\"16\" height=\"16\"\/><\/span><\/p><\/div><\/div><\/div><\/div><\/div> <a href=\"http:\/\/sp91krakow.pl\/sp91\/2024\/12\/10\/mistrzostwa-wojewodztwa-malopolskiego-w-plywaniu-dzieci-i-mlodzikow\/#more-14972\" class=\"more-link elementor-more-link\"><span aria-label=\"Czytaj dalej Mistrzostwa Wojew\u00f3dztwa Ma\u0142opolskiego w P\u0142ywaniu Dzieci i M\u0142odzik\u00f3w\">(wi\u0119cej&hellip;)<\/span><\/a>","protected":false},"excerpt":{"rendered":"<p>W ten miko\u0142ajkowy dzie\u0144 nasi wspaniali p\u0142ywacy stan\u0119li do rywalizacji podczas Mistrzostw Wojew\u00f3dztwa Ma\u0142opolskiego w P\u0142ywaniu Dzieci i M\u0142odzik\u00f3w, kt\u00f3re odby\u0142y si\u0119 w O\u015bwi\u0119cimiu.<\/p>\n","protected":false},"author":1,"featured_media":14973,"comment_status":"closed","ping_status":"closed","sticky":false,"template":"","format":"standard","meta":{"rop_custom_images_group":[],"rop_custom_messages_group":[],"rop_publish_now":"initial","rop_publish_now_accounts":[],"rop_publish_now_history":[],"rop_publish_now_status":"pending","footnotes":""},"categories":[121,8,6,4],"tags":[],"class_list":["post-14972","post","type-post","status-publish","format-standard","has-post-thumbnail","hentry","category-klasy-4-8","category-najnowsze-wydarzenia","category-plywanie","category-sport"],"_links":{"self":[{"href":"http:\/\/sp91krakow.pl\/sp91\/wp-json\/wp\/v2\/posts\/14972","targetHints":{"allow":["GET"]}}],"collection":[{"href":"http:\/\/sp91krakow.pl\/sp91\/wp-json\/wp\/v2\/posts"}],"about":[{"href":"http:\/\/sp91krakow.pl\/sp91\/wp-json\/wp\/v2\/types\/post"}],"author":[{"embeddable":true,"href":"http:\/\/sp91krakow.pl\/sp91\/wp-json\/wp\/v2\/users\/1"}],"replies":[{"embeddable":true,"href":"http:\/\/sp91krakow.pl\/sp91\/wp-json\/wp\/v2\/comments?post=14972"}],"version-history":[{"count":6,"href":"http:\/\/sp91krakow.pl\/sp91\/wp-json\/wp\/v2\/posts\/14972\/revisions"}],"predecessor-version":[{"id":14981,"href":"http:\/\/sp91krakow.pl\/sp91\/wp-json\/wp\/v2\/posts\/14972\/revisions\/14981"}],"wp:featuredmedia":[{"embeddable":true,"href":"http:\/\/sp91krakow.pl\/sp91\/wp-json\/wp\/v2\/media\/14973"}],"wp:attachment":[{"href":"http:\/\/sp91krakow.pl\/sp91\/wp-json\/wp\/v2\/media?parent=14972"}],"wp:term":[{"taxonomy":"category","embeddable":true,"href":"http:\/\/sp91krakow.pl\/sp91\/wp-json\/wp\/v2\/categories?post=14972"},{"taxonomy":"post_tag","embeddable":true,"href":"http:\/\/sp91krakow.pl\/sp91\/wp-json\/wp\/v2\/tags?post=14972"}],"curies":[{"name":"wp","href":"https:\/\/api.w.org\/{rel}","templated":true}]}}