{"id":17512,"date":"2025-02-13T15:29:31","date_gmt":"2025-02-13T14:29:31","guid":{"rendered":"http:\/\/sp91krakow.pl\/sp91\/?p=17512"},"modified":"2025-02-13T15:29:31","modified_gmt":"2025-02-13T14:29:31","slug":"walentynki-w-swietlicy","status":"publish","type":"post","link":"http:\/\/sp91krakow.pl\/sp91\/2025\/02\/13\/walentynki-w-swietlicy\/","title":{"rendered":"Walentynki w \u015bwietlicy"},"content":{"rendered":"<p style=\"text-align: center;\">W tym roku walentynki zacz\u0119li\u015bmy ju\u017c dzie\u0144 wcze\u015bniej:)<!--more--><\/p>\n<p style=\"text-align: center;\">Dzieciaki z klas 1 i 3 przygotowywali w\u00a0 \u015bwietlicy kartki walentynkowe&#8230;<\/p>\n<p><div id=\"attachment_17514\" style=\"width: 778px\" class=\"wp-caption aligncenter\"><img fetchpriority=\"high\" decoding=\"async\" aria-describedby=\"caption-attachment-17514\" class=\"size-large wp-image-17514\" src=\"http:\/\/sp91krakow.pl\/sp91\/wp-content\/uploads\/2025\/02\/IMG20250213141155-768x1024.jpg\" alt=\"\" width=\"768\" height=\"1024\" srcset=\"http:\/\/sp91krakow.pl\/sp91\/wp-content\/uploads\/2025\/02\/IMG20250213141155-768x1024.jpg 768w, http:\/\/sp91krakow.pl\/sp91\/wp-content\/uploads\/2025\/02\/IMG20250213141155-225x300.jpg 225w, http:\/\/sp91krakow.pl\/sp91\/wp-content\/uploads\/2025\/02\/IMG20250213141155-1152x1536.jpg 1152w, http:\/\/sp91krakow.pl\/sp91\/wp-content\/uploads\/2025\/02\/IMG20250213141155-1536x2048.jpg 1536w, http:\/\/sp91krakow.pl\/sp91\/wp-content\/uploads\/2025\/02\/IMG20250213141155-1024x1365.jpg 1024w, http:\/\/sp91krakow.pl\/sp91\/wp-content\/uploads\/2025\/02\/IMG20250213141155-810x1080.jpg 810w, http:\/\/sp91krakow.pl\/sp91\/wp-content\/uploads\/2025\/02\/IMG20250213141155-scaled.jpg 1920w\" sizes=\"(max-width: 768px) 100vw, 768px\" \/><p id=\"caption-attachment-17514\" class=\"wp-caption-text\">oplus_1048608<\/p><\/div><br \/>\n<div id=\"attachment_17515\" style=\"width: 778px\" class=\"wp-caption aligncenter\"><img decoding=\"async\" aria-describedby=\"caption-attachment-17515\" class=\"size-large wp-image-17515\" src=\"http:\/\/sp91krakow.pl\/sp91\/wp-content\/uploads\/2025\/02\/IMG20250213141202-768x1024.jpg\" alt=\"\" width=\"768\" height=\"1024\" srcset=\"http:\/\/sp91krakow.pl\/sp91\/wp-content\/uploads\/2025\/02\/IMG20250213141202-768x1024.jpg 768w, http:\/\/sp91krakow.pl\/sp91\/wp-content\/uploads\/2025\/02\/IMG20250213141202-225x300.jpg 225w, http:\/\/sp91krakow.pl\/sp91\/wp-content\/uploads\/2025\/02\/IMG20250213141202-1152x1536.jpg 1152w, http:\/\/sp91krakow.pl\/sp91\/wp-content\/uploads\/2025\/02\/IMG20250213141202-1536x2048.jpg 1536w, http:\/\/sp91krakow.pl\/sp91\/wp-content\/uploads\/2025\/02\/IMG20250213141202-1024x1365.jpg 1024w, http:\/\/sp91krakow.pl\/sp91\/wp-content\/uploads\/2025\/02\/IMG20250213141202-810x1080.jpg 810w, http:\/\/sp91krakow.pl\/sp91\/wp-content\/uploads\/2025\/02\/IMG20250213141202-scaled.jpg 1920w\" sizes=\"(max-width: 768px) 100vw, 768px\" \/><p id=\"caption-attachment-17515\" class=\"wp-caption-text\">oplus_1048608<\/p><\/div><\/p>\n","protected":false},"excerpt":{"rendered":"<p>W tym roku walentynki zacz\u0119li\u015bmy ju\u017c dzie\u0144 wcze\u015bniej:)<\/p>\n","protected":false},"author":1,"featured_media":17513,"comment_status":"closed","ping_status":"closed","sticky":false,"template":"","format":"standard","meta":{"rop_custom_images_group":[],"rop_custom_messages_group":[],"rop_publish_now":"initial","rop_publish_now_accounts":[],"rop_publish_now_history":[],"rop_publish_now_status":"pending","footnotes":""},"categories":[120,8,115],"tags":[],"class_list":["post-17512","post","type-post","status-publish","format-standard","has-post-thumbnail","hentry","category-klasy-1-3","category-najnowsze-wydarzenia","category-swietlica"],"_links":{"self":[{"href":"http:\/\/sp91krakow.pl\/sp91\/wp-json\/wp\/v2\/posts\/17512","targetHints":{"allow":["GET"]}}],"collection":[{"href":"http:\/\/sp91krakow.pl\/sp91\/wp-json\/wp\/v2\/posts"}],"about":[{"href":"http:\/\/sp91krakow.pl\/sp91\/wp-json\/wp\/v2\/types\/post"}],"author":[{"embeddable":true,"href":"http:\/\/sp91krakow.pl\/sp91\/wp-json\/wp\/v2\/users\/1"}],"replies":[{"embeddable":true,"href":"http:\/\/sp91krakow.pl\/sp91\/wp-json\/wp\/v2\/comments?post=17512"}],"version-history":[{"count":1,"href":"http:\/\/sp91krakow.pl\/sp91\/wp-json\/wp\/v2\/posts\/17512\/revisions"}],"predecessor-version":[{"id":17516,"href":"http:\/\/sp91krakow.pl\/sp91\/wp-json\/wp\/v2\/posts\/17512\/revisions\/17516"}],"wp:featuredmedia":[{"embeddable":true,"href":"http:\/\/sp91krakow.pl\/sp91\/wp-json\/wp\/v2\/media\/17513"}],"wp:attachment":[{"href":"http:\/\/sp91krakow.pl\/sp91\/wp-json\/wp\/v2\/media?parent=17512"}],"wp:term":[{"taxonomy":"category","embeddable":true,"href":"http:\/\/sp91krakow.pl\/sp91\/wp-json\/wp\/v2\/categories?post=17512"},{"taxonomy":"post_tag","embeddable":true,"href":"http:\/\/sp91krakow.pl\/sp91\/wp-json\/wp\/v2\/tags?post=17512"}],"curies":[{"name":"wp","href":"https:\/\/api.w.org\/{rel}","templated":true}]}}