{"id":18101,"date":"2025-03-31T13:45:49","date_gmt":"2025-03-31T11:45:49","guid":{"rendered":"http:\/\/sp91krakow.pl\/sp91\/?p=18101"},"modified":"2025-03-31T13:47:09","modified_gmt":"2025-03-31T11:47:09","slug":"mistrzostwa-szkol-sportowych-w-raciborzu","status":"publish","type":"post","link":"http:\/\/sp91krakow.pl\/sp91\/2025\/03\/31\/mistrzostwa-szkol-sportowych-w-raciborzu\/","title":{"rendered":"Mistrzostwa Szk\u00f3\u0142 Sportowych w Raciborzu"},"content":{"rendered":"\t\t<div data-elementor-type=\"wp-post\" data-elementor-id=\"18101\" class=\"elementor elementor-18101\">\n\t\t\t\t<div class=\"elementor-element elementor-element-70f5d431 e-flex e-con-boxed e-con e-parent\" data-id=\"70f5d431\" data-element_type=\"container\" data-e-type=\"container\">\n\t\t\t\t\t<div class=\"e-con-inner\">\n\t\t\t\t<div class=\"elementor-element elementor-element-a0c2cd7 elementor-widget elementor-widget-text-editor\" data-id=\"a0c2cd7\" data-element_type=\"widget\" data-e-type=\"widget\" data-widget_type=\"text-editor.default\">\n\t\t\t\t<div class=\"elementor-widget-container\">\n\t\t\t\t\t\t\t\t\t<p style=\"text-align: justify;\"><span style=\"font-family: Aptos; font-size: 18px; color: #000000;\">Za nami dwa dni pe\u0142ne sportowych emocji! Nasi zawodnicy, reprezentuj\u0105c Szko\u0142\u0119 Podstawow\u0105 nr 91, dali z siebie wszystko podczas Mistrzostw Szk\u00f3\u0142 Sportowych w Raciborzu. <img decoding=\"async\" style=\"height: 16px; width: 16px;\" src=\"https:\/\/static.xx.fbcdn.net\/images\/emoji.php\/v9\/tb\/2\/16\/1f4aa.png\" alt=\"\ud83d\udcaa\" width=\"16\" height=\"16\" \/><img decoding=\"async\" style=\"height: 16px; width: 16px;\" src=\"https:\/\/static.xx.fbcdn.net\/images\/emoji.php\/v9\/tef\/2\/16\/1f525.png\" alt=\"\ud83d\udd25\" width=\"16\" height=\"16\" \/><\/span><\/p><\/div><\/div><\/div><\/div><\/div> <a href=\"http:\/\/sp91krakow.pl\/sp91\/2025\/03\/31\/mistrzostwa-szkol-sportowych-w-raciborzu\/#more-18101\" class=\"more-link elementor-more-link\"><span aria-label=\"Czytaj dalej Mistrzostwa Szk\u00f3\u0142 Sportowych w Raciborzu\">(wi\u0119cej&hellip;)<\/span><\/a>","protected":false},"excerpt":{"rendered":"<p>Za nami dwa dni pe\u0142ne sportowych emocji! Nasi zawodnicy, reprezentuj\u0105c Szko\u0142\u0119 Podstawow\u0105 nr 91, dali z siebie wszystko podczas Mistrzostw Szk\u00f3\u0142 Sportowych w Raciborzu.<\/p>\n","protected":false},"author":1,"featured_media":18106,"comment_status":"closed","ping_status":"closed","sticky":false,"template":"","format":"standard","meta":{"rop_custom_images_group":[],"rop_custom_messages_group":[],"rop_publish_now":"initial","rop_publish_now_accounts":[],"rop_publish_now_history":[],"rop_publish_now_status":"pending","footnotes":""},"categories":[121,8,6,4],"tags":[],"class_list":["post-18101","post","type-post","status-publish","format-standard","has-post-thumbnail","hentry","category-klasy-4-8","category-najnowsze-wydarzenia","category-plywanie","category-sport"],"_links":{"self":[{"href":"http:\/\/sp91krakow.pl\/sp91\/wp-json\/wp\/v2\/posts\/18101","targetHints":{"allow":["GET"]}}],"collection":[{"href":"http:\/\/sp91krakow.pl\/sp91\/wp-json\/wp\/v2\/posts"}],"about":[{"href":"http:\/\/sp91krakow.pl\/sp91\/wp-json\/wp\/v2\/types\/post"}],"author":[{"embeddable":true,"href":"http:\/\/sp91krakow.pl\/sp91\/wp-json\/wp\/v2\/users\/1"}],"replies":[{"embeddable":true,"href":"http:\/\/sp91krakow.pl\/sp91\/wp-json\/wp\/v2\/comments?post=18101"}],"version-history":[{"count":7,"href":"http:\/\/sp91krakow.pl\/sp91\/wp-json\/wp\/v2\/posts\/18101\/revisions"}],"predecessor-version":[{"id":18109,"href":"http:\/\/sp91krakow.pl\/sp91\/wp-json\/wp\/v2\/posts\/18101\/revisions\/18109"}],"wp:featuredmedia":[{"embeddable":true,"href":"http:\/\/sp91krakow.pl\/sp91\/wp-json\/wp\/v2\/media\/18106"}],"wp:attachment":[{"href":"http:\/\/sp91krakow.pl\/sp91\/wp-json\/wp\/v2\/media?parent=18101"}],"wp:term":[{"taxonomy":"category","embeddable":true,"href":"http:\/\/sp91krakow.pl\/sp91\/wp-json\/wp\/v2\/categories?post=18101"},{"taxonomy":"post_tag","embeddable":true,"href":"http:\/\/sp91krakow.pl\/sp91\/wp-json\/wp\/v2\/tags?post=18101"}],"curies":[{"name":"wp","href":"https:\/\/api.w.org\/{rel}","templated":true}]}}