{"id":18429,"date":"2025-05-05T13:16:38","date_gmt":"2025-05-05T11:16:38","guid":{"rendered":"http:\/\/sp91krakow.pl\/sp91\/?p=18429"},"modified":"2025-05-05T13:17:31","modified_gmt":"2025-05-05T11:17:31","slug":"ksiazka-bez-tajemnic-zajecia-dla-klas-2","status":"publish","type":"post","link":"http:\/\/sp91krakow.pl\/sp91\/2025\/05\/05\/ksiazka-bez-tajemnic-zajecia-dla-klas-2\/","title":{"rendered":"Ksi\u0105\u017cka bez tajemnic \u2013 zaj\u0119cia dla klas 2"},"content":{"rendered":"<p style=\"text-align: center;\">Przez ca\u0142y miesi\u0105c kwiecie\u0144 2025 r. uczniowie klas 2 uczestniczyli w cyklu zaj\u0119\u0107 pt.: \u201eKsi\u0105\u017cka bez tajemnic\u201d. Projekt zosta\u0142 opracowany przez Pani\u0105 Aleksandr\u0119 B\u0142a\u017cewicz \u2013 nauczyciela bibliotekarza w SP 91 w ramach szkolnych obchod\u00f3w Dnia Ksi\u0105\u017cki i Praw Autorskich.<!--more--><\/p>\n<p style=\"text-align: center;\">Celem projektu by\u0142o przede wszystkim poszerzenie wiedzy o pocz\u0105tkach pi\u015bmiennictwa i historii druku, poznanie podstawowych element\u00f3w budowy ksi\u0105\u017cki, zapoznanie z wygl\u0105dem ksi\u0105\u017cki na przestrzeni dziej\u00f3w, zapoznanie z poj\u0119ciami \u2013 autor, introligator, ilustrator, t\u0142umacz, drukarz, zecer, skryba, kapita\u0142ka, obwoluta, rozwijanie umiej\u0119tno\u015bci uczni\u00f3w poprzez samodzielne wykonywanie zada\u0144.<\/p>\n<p>&nbsp;<\/p>\n<p>Tematy spotka\u0144:<\/p>\n<p>2.04.2025 r. \u2013 Historia papieru. Budowa ksi\u0105\u017cki<\/p>\n<p>9.04.2025 r. \u2013 Pismo wczoraj i dzi\u015b<\/p>\n<p>15.04.2025 r. \u2013 W \u015bwiecie drukarni \u2013 wynalazek druku<\/p>\n<p>24.04.2025 r. \u2013 Ksi\u0105\u017cka r\u0119kopi\u015bmienna<\/p>\n<p>29.04.2025 r. \u2013 Od autora do czytelnika<\/p>\n<p>&nbsp;<\/p>\n<p style=\"text-align: center;\">W trakcie zaj\u0119\u0107 uczniowie rozwi\u0105zywali karty pracy, ogl\u0105dali filmy edukacyjne, \u0107wiczyli pisanie pismem obrazkowym, uk\u0142adali ruchom\u0105 czcionk\u0119, tak aby powsta\u0142o imi\u0119 i nazwisko, kaligrafowali.<\/p>\n<p style=\"text-align: center;\">Karty pracy oraz prezentacje zosta\u0142y przygotowane wsp\u00f3lnie przez nauczyciela bibliotekarza i panie studentki \u2013 praktykantki.<\/p>\n<p style=\"text-align: center;\">Bardzo dzi\u0119kuj\u0119 za pomoc i przygotowanie zaj\u0119\u0107 paniom studentkom \u2013 praktykantom z Uniwersytetu Ignatianum w Krakowie oraz Uniwersytetu Papieskiego Jana Paw\u0142a II w Krakowie.<\/p>\n<p style=\"text-align: center;\">Poni\u017cej prezentacja przedstawiaj\u0105ca podejmowane dzia\u0142ania przez ca\u0142y miesi\u0105c.<\/p>\n<div style=\"width: 1920px;\" class=\"wp-video\"><video class=\"wp-video-shortcode\" id=\"video-18429-1\" width=\"1920\" height=\"1080\" preload=\"metadata\" controls=\"controls\"><source type=\"video\/mp4\" src=\"http:\/\/sp91krakow.pl\/sp91\/wp-content\/uploads\/2025\/05\/Ksiazka-bez-tajemnic.mp4?_=1\" \/><a href=\"http:\/\/sp91krakow.pl\/sp91\/wp-content\/uploads\/2025\/05\/Ksiazka-bez-tajemnic.mp4\">http:\/\/sp91krakow.pl\/sp91\/wp-content\/uploads\/2025\/05\/Ksiazka-bez-tajemnic.mp4<\/a><\/video><\/div>\n<p>&nbsp;<\/p>\n<p style=\"text-align: right;\">mgr Aleksandra B\u0142a\u017cewicz, nauczyciel bibliotekarz<\/p>\n","protected":false},"excerpt":{"rendered":"<p>Przez ca\u0142y miesi\u0105c kwiecie\u0144 2025 r. uczniowie klas 2 uczestniczyli w cyklu zaj\u0119\u0107 pt.: \u201eKsi\u0105\u017cka bez tajemnic\u201d. Projekt zosta\u0142 opracowany przez Pani\u0105 Aleksandr\u0119 B\u0142a\u017cewicz \u2013 nauczyciela bibliotekarza w SP 91 w ramach szkolnych obchod\u00f3w Dnia Ksi\u0105\u017cki i Praw Autorskich.<\/p>\n","protected":false},"author":1,"featured_media":18430,"comment_status":"closed","ping_status":"closed","sticky":false,"template":"","format":"standard","meta":{"rop_custom_images_group":[],"rop_custom_messages_group":[],"rop_publish_now":"initial","rop_publish_now_accounts":[],"rop_publish_now_history":[],"rop_publish_now_status":"pending","footnotes":""},"categories":[120,8,139],"tags":[],"class_list":["post-18429","post","type-post","status-publish","format-standard","has-post-thumbnail","hentry","category-klasy-1-3","category-najnowsze-wydarzenia","category-z-zycia-biblioteki"],"_links":{"self":[{"href":"http:\/\/sp91krakow.pl\/sp91\/wp-json\/wp\/v2\/posts\/18429","targetHints":{"allow":["GET"]}}],"collection":[{"href":"http:\/\/sp91krakow.pl\/sp91\/wp-json\/wp\/v2\/posts"}],"about":[{"href":"http:\/\/sp91krakow.pl\/sp91\/wp-json\/wp\/v2\/types\/post"}],"author":[{"embeddable":true,"href":"http:\/\/sp91krakow.pl\/sp91\/wp-json\/wp\/v2\/users\/1"}],"replies":[{"embeddable":true,"href":"http:\/\/sp91krakow.pl\/sp91\/wp-json\/wp\/v2\/comments?post=18429"}],"version-history":[{"count":4,"href":"http:\/\/sp91krakow.pl\/sp91\/wp-json\/wp\/v2\/posts\/18429\/revisions"}],"predecessor-version":[{"id":18436,"href":"http:\/\/sp91krakow.pl\/sp91\/wp-json\/wp\/v2\/posts\/18429\/revisions\/18436"}],"wp:featuredmedia":[{"embeddable":true,"href":"http:\/\/sp91krakow.pl\/sp91\/wp-json\/wp\/v2\/media\/18430"}],"wp:attachment":[{"href":"http:\/\/sp91krakow.pl\/sp91\/wp-json\/wp\/v2\/media?parent=18429"}],"wp:term":[{"taxonomy":"category","embeddable":true,"href":"http:\/\/sp91krakow.pl\/sp91\/wp-json\/wp\/v2\/categories?post=18429"},{"taxonomy":"post_tag","embeddable":true,"href":"http:\/\/sp91krakow.pl\/sp91\/wp-json\/wp\/v2\/tags?post=18429"}],"curies":[{"name":"wp","href":"https:\/\/api.w.org\/{rel}","templated":true}]}}