{"id":22275,"date":"2026-04-29T13:47:52","date_gmt":"2026-04-29T11:47:52","guid":{"rendered":"http:\/\/sp91krakow.pl\/sp91\/?p=22275"},"modified":"2026-04-29T13:53:41","modified_gmt":"2026-04-29T11:53:41","slug":"czy-trzeba-czytac-dziecku-codziennie-glos-logopedy-dla-rodzicow","status":"publish","type":"post","link":"http:\/\/sp91krakow.pl\/sp91\/2026\/04\/29\/czy-trzeba-czytac-dziecku-codziennie-glos-logopedy-dla-rodzicow\/","title":{"rendered":"Czy trzeba czyta\u0107 dziecku codziennie? G\u0142os logopedy dla rodzic\u00f3w"},"content":{"rendered":"<p>&nbsp;<\/p>\n<p>&nbsp;<\/p>\n<p><span style=\"font-size: 18px; color: #000000;\">Czytanie dzieciom od lat uznawane jest za jeden z najwa\u017cniejszych sposob\u00f3w wspierania rozwoju mowy. Nic wi\u0119c dziwnego, \u017ce wielu rodzic\u00f3w niepokoi si\u0119, gdy dziecko nie chce s\u0142ucha\u0107 ksi\u0105\u017cek.<\/span><\/p>\n<p><span style=\"font-size: 18px; color: #000000;\">Jako logopeda warto podkre\u015bli\u0107 jedno: czytanie bardzo pomaga, ale nie jest jedyn\u0105 drog\u0105 do rozwoju j\u0119zyka.<\/span><!--more--><\/p>\n<p><span style=\"font-size: 20px;\"><strong><span style=\"color: #000000;\">Dlaczego czytanie jest wa\u017cne?<\/span><\/strong><\/span><\/p>\n<p style=\"padding-left: 40px;\"><span style=\"font-size: 18px; color: #000000;\">Ksi\u0105\u017cki wprowadzaj\u0105 dziecko w j\u0119zyk bardziej uporz\u0105dkowany ni\u017c codzienna rozmowa. Dzi\u0119ki temu:<\/span><\/p>\n<p style=\"padding-left: 80px;\"><span style=\"font-size: 18px; color: #000000;\">\u25cf rozwija si\u0119 s\u0142ownictwo,<\/span><\/p>\n<p style=\"padding-left: 80px;\"><span style=\"font-size: 18px; color: #000000;\">\u25cf dziecko uczy si\u0119 budowania zda\u0144,<\/span><\/p>\n<p style=\"padding-left: 80px;\"><span style=\"font-size: 18px; color: #000000;\">\u25cf poznaje d\u0142u\u017csze wypowiedzi i narracj\u0119.<\/span><\/p>\n<p style=\"padding-left: 40px;\"><span style=\"font-size: 18px; color: #000000;\">To szczeg\u00f3lnie wa\u017cne w przypadku dzieci dwuj\u0119zycznych, kt\u00f3re nie zawsze maj\u0105 wystarczaj\u0105cy kontakt z j\u0119zykiem polskim na co dzie\u0144.<\/span><\/p>\n<p><span style=\"font-size: 20px;\"><strong><span style=\"color: #000000;\">Czy brak zainteresowania ksi\u0105\u017ckami to problem?<\/span><\/strong><\/span><\/p>\n<p style=\"padding-left: 40px;\"><span style=\"font-size: 18px; color: #000000;\">Nie zawsze. Dziecko mo\u017ce prawid\u0142owo rozwija\u0107 mow\u0119, je\u015bli:<\/span><\/p>\n<p style=\"padding-left: 80px;\"><span style=\"font-size: 18px; color: #000000;\">\u25cf du\u017co rozmawia z doros\u0142ymi,<\/span><\/p>\n<p style=\"padding-left: 80px;\"><span style=\"font-size: 18px; color: #000000;\">\u25cf uczestniczy w dialogu,<\/span><\/p>\n<p style=\"padding-left: 80px;\"><span style=\"font-size: 18px; color: #000000;\">\u25cf s\u0142yszy j\u0119zyk w r\u00f3\u017cnych sytuacjach,<\/span><\/p>\n<p style=\"padding-left: 80px;\"><span style=\"font-size: 18px; color: #000000;\">\u25cf ma kontakt z opowie\u015bciami (nawet bez ksi\u0105\u017cek).<\/span><\/p>\n<p style=\"padding-left: 40px;\"><span style=\"font-size: 18px; color: #000000;\">J\u0119zyk rozwija si\u0119 przede wszystkim w relacji, nie tylko podczas czytania.<\/span><\/p>\n<p><span style=\"font-size: 20px;\"><strong><span style=\"color: #000000;\">Dlaczego dziecko nie chce s\u0142ucha\u0107?<\/span><\/strong><\/span><\/p>\n<p style=\"padding-left: 40px;\"><span style=\"font-size: 18px; color: #000000;\">Powody mog\u0105 by\u0107 r\u00f3\u017cne:<\/span><\/p>\n<p style=\"padding-left: 80px;\"><span style=\"font-size: 18px; color: #000000;\">\u25cf trudno\u015bci z koncentracj\u0105,<\/span><\/p>\n<p style=\"padding-left: 80px;\"><span style=\"font-size: 18px; color: #000000;\">\u25cf potrzeba ruchu,<\/span><\/p>\n<p style=\"padding-left: 80px;\"><span style=\"font-size: 18px; color: #000000;\">\u25cf niedopasowana ksi\u0105\u017cka,<\/span><\/p>\n<p style=\"padding-left: 80px;\"><span style=\"font-size: 18px; color: #000000;\">\u25cf przeci\u0105\u017cenie j\u0119zykowe (cz\u0119ste u dzieci dwuj\u0119zycznych).<\/span><\/p>\n<p style=\"padding-left: 40px;\"><span style=\"font-size: 18px; color: #000000;\">To nie musi oznacza\u0107 problemu \u2013 cz\u0119sto to kwestia formy lub momentu.<\/span><\/p>\n<p><span style=\"font-size: 20px;\"><strong><span style=\"color: #000000;\">Co zamiast czytania?<\/span><\/strong><\/span><\/p>\n<p style=\"padding-left: 40px;\"><span style=\"font-size: 18px; color: #000000;\">Je\u015bli ksi\u0105\u017cki nie s\u0105 atrakcyjne dla dziecka, warto:<\/span><\/p>\n<p style=\"padding-left: 80px;\"><span style=\"font-size: 18px; color: #000000;\">\u25cf opowiada\u0107 historie z \u017cycia,<\/span><\/p>\n<p style=\"padding-left: 80px;\"><span style=\"font-size: 18px; color: #000000;\">\u25cf komentowa\u0107 codzienne sytuacje,<\/span><\/p>\n<p style=\"padding-left: 80px;\"><span style=\"font-size: 18px; color: #000000;\">\u25cf ogl\u0105da\u0107 obrazki i rozmawia\u0107 o nich,<\/span><\/p>\n<p style=\"padding-left: 80px;\"><span style=\"font-size: 18px; color: #000000;\">\u25cf zach\u0119ca\u0107 dziecko do opowiadania.<\/span><\/p>\n<p style=\"padding-left: 40px;\"><span style=\"font-size: 18px; color: #000000;\">Najwa\u017cniejsze jest wsp\u00f3lne bycie i rozmowa.<\/span><\/p>\n<p><span style=\"font-size: 20px;\"><strong><span style=\"color: #000000;\">Kiedy warto si\u0119 skonsultowa\u0107?<\/span><\/strong><\/span><\/p>\n<p style=\"padding-left: 40px;\"><span style=\"font-size: 18px; color: #000000;\">Zwr\u00f3\u0107 uwag\u0119, je\u015bli dziecko:<\/span><\/p>\n<p style=\"padding-left: 80px;\"><span style=\"font-size: 18px; color: #000000;\">\u25cf unika nie tylko ksi\u0105\u017cek, ale te\u017c rozmowy,<\/span><\/p>\n<p style=\"padding-left: 80px;\"><span style=\"font-size: 18px; color: #000000;\">\u25cf ma trudno\u015bci ze zrozumieniem d\u0142u\u017cszych wypowiedzi,<\/span><\/p>\n<p style=\"padding-left: 80px;\"><span style=\"font-size: 18px; color: #000000;\">\u25cf nie buduje zda\u0144 adekwatnych do wieku.<\/span><\/p>\n<p style=\"padding-left: 40px;\"><span style=\"font-size: 18px; color: #000000;\">Wtedy brak zainteresowania ksi\u0105\u017ck\u0105 mo\u017ce by\u0107 sygna\u0142em trudno\u015bci j\u0119zykowych.<\/span><\/p>\n<p><span style=\"font-size: 20px;\"><strong><span style=\"color: #000000;\">Jak zach\u0119ca\u0107?<\/span><\/strong><\/span><\/p>\n<p style=\"padding-left: 40px;\"><span style=\"font-size: 18px; color: #000000;\">Bez presji. Wystarczy:<\/span><\/p>\n<p style=\"padding-left: 80px;\"><span style=\"font-size: 18px; color: #000000;\">\u25cf czyta\u0107 kr\u00f3tko,<\/span><\/p>\n<p style=\"padding-left: 80px;\"><span style=\"font-size: 18px; color: #000000;\">\u25cf wybiera\u0107 ksi\u0105\u017cki zgodne z zainteresowaniami dziecka,<\/span><\/p>\n<p style=\"padding-left: 80px;\"><span style=\"font-size: 18px; color: #000000;\">\u25cf pozwoli\u0107 na przerywanie i komentowanie.<\/span><\/p>\n<p>&nbsp;<\/p>\n<p><span style=\"text-decoration: underline;\"><strong><span style=\"font-size: 18px; color: #000000; text-decoration: underline;\">Najwa\u017cniejsze:<\/span><\/strong><\/span><\/p>\n<p><span style=\"font-size: 18px; color: #000000;\">Czytanie wspiera rozw\u00f3j mowy, ale nie musi wygl\u0105da\u0107 \u201eksi\u0105\u017ckowo\u201d. Najwi\u0119cej dzieje si\u0119 wtedy, gdy dziecko ma kontakt z \u017cywym j\u0119zykiem \u2013 w rozmowie, zabawie i codziennych sytuacjach.<\/span><\/p>\n<p><span style=\"font-size: 18px; color: #000000;\">Bo rozw\u00f3j mowy zaczyna si\u0119 od relacji, nie od ksi\u0105\u017cki.<\/span><\/p>\n<div class=\"wp-block-image\"><a href=\"http:\/\/sp91krakow.pl\/sp91\/wp-content\/uploads\/2026\/04\/grafika_czytanie.png\" target=\"_blank\" rel=\"noopener\"><img fetchpriority=\"high\" decoding=\"async\" class=\"wpa-warning wpa-image-missing-alt aligncenter wp-image-22284 size-large\" src=\"http:\/\/sp91krakow.pl\/sp91\/wp-content\/uploads\/2026\/04\/grafika_czytanie-683x1024.png\" alt=\"\" width=\"683\" height=\"1024\" data-warning=\"Missing alt text\" srcset=\"http:\/\/sp91krakow.pl\/sp91\/wp-content\/uploads\/2026\/04\/grafika_czytanie-683x1024.png 683w, http:\/\/sp91krakow.pl\/sp91\/wp-content\/uploads\/2026\/04\/grafika_czytanie-200x300.png 200w, http:\/\/sp91krakow.pl\/sp91\/wp-content\/uploads\/2026\/04\/grafika_czytanie-768x1152.png 768w, http:\/\/sp91krakow.pl\/sp91\/wp-content\/uploads\/2026\/04\/grafika_czytanie-720x1080.png 720w, http:\/\/sp91krakow.pl\/sp91\/wp-content\/uploads\/2026\/04\/grafika_czytanie.png 1024w\" sizes=\"(max-width: 683px) 100vw, 683px\" \/><\/a><\/div>\n<p>&nbsp;<\/p>\n","protected":false},"excerpt":{"rendered":"<p>&nbsp; &nbsp; Czytanie dzieciom od lat uznawane jest za jeden z najwa\u017cniejszych sposob\u00f3w wspierania rozwoju mowy. Nic wi\u0119c dziwnego, \u017ce wielu rodzic\u00f3w niepokoi si\u0119, gdy dziecko nie chce s\u0142ucha\u0107 ksi\u0105\u017cek. Jako logopeda warto podkre\u015bli\u0107 jedno: czytanie bardzo pomaga, ale nie jest jedyn\u0105 drog\u0105 do rozwoju j\u0119zyka.<\/p>\n","protected":false},"author":1,"featured_media":22284,"comment_status":"closed","ping_status":"closed","sticky":false,"template":"","format":"standard","meta":{"rop_custom_images_group":[],"rop_custom_messages_group":[],"rop_publish_now":"initial","rop_publish_now_accounts":[],"rop_publish_now_history":[],"rop_publish_now_status":"pending","footnotes":""},"categories":[120,121,8],"tags":[],"class_list":["post-22275","post","type-post","status-publish","format-standard","has-post-thumbnail","hentry","category-klasy-1-3","category-klasy-4-8","category-najnowsze-wydarzenia"],"_links":{"self":[{"href":"http:\/\/sp91krakow.pl\/sp91\/wp-json\/wp\/v2\/posts\/22275","targetHints":{"allow":["GET"]}}],"collection":[{"href":"http:\/\/sp91krakow.pl\/sp91\/wp-json\/wp\/v2\/posts"}],"about":[{"href":"http:\/\/sp91krakow.pl\/sp91\/wp-json\/wp\/v2\/types\/post"}],"author":[{"embeddable":true,"href":"http:\/\/sp91krakow.pl\/sp91\/wp-json\/wp\/v2\/users\/1"}],"replies":[{"embeddable":true,"href":"http:\/\/sp91krakow.pl\/sp91\/wp-json\/wp\/v2\/comments?post=22275"}],"version-history":[{"count":7,"href":"http:\/\/sp91krakow.pl\/sp91\/wp-json\/wp\/v2\/posts\/22275\/revisions"}],"predecessor-version":[{"id":22285,"href":"http:\/\/sp91krakow.pl\/sp91\/wp-json\/wp\/v2\/posts\/22275\/revisions\/22285"}],"wp:featuredmedia":[{"embeddable":true,"href":"http:\/\/sp91krakow.pl\/sp91\/wp-json\/wp\/v2\/media\/22284"}],"wp:attachment":[{"href":"http:\/\/sp91krakow.pl\/sp91\/wp-json\/wp\/v2\/media?parent=22275"}],"wp:term":[{"taxonomy":"category","embeddable":true,"href":"http:\/\/sp91krakow.pl\/sp91\/wp-json\/wp\/v2\/categories?post=22275"},{"taxonomy":"post_tag","embeddable":true,"href":"http:\/\/sp91krakow.pl\/sp91\/wp-json\/wp\/v2\/tags?post=22275"}],"curies":[{"name":"wp","href":"https:\/\/api.w.org\/{rel}","templated":true}]}}