{"id":22289,"date":"2026-04-30T10:34:45","date_gmt":"2026-04-30T08:34:45","guid":{"rendered":"http:\/\/sp91krakow.pl\/sp91\/?p=22289"},"modified":"2026-04-30T10:34:45","modified_gmt":"2026-04-30T08:34:45","slug":"rekrutacja-uzupelniajaca-do-klas-pierwszych-plywackich-na-rok-szkolny-2026-2027","status":"publish","type":"post","link":"http:\/\/sp91krakow.pl\/sp91\/2026\/04\/30\/rekrutacja-uzupelniajaca-do-klas-pierwszych-plywackich-na-rok-szkolny-2026-2027\/","title":{"rendered":"Rekrutacja uzupe\u0142niaj\u0105ca do klas pierwszych p\u0142ywackich na rok szkolny 2026\/2027"},"content":{"rendered":"<p class=\"x_MsoNormal\" style=\"text-align: justify;\" data-olk-copy-source=\"MessageBody\"><span style=\"font-size: 18px; color: #000000;\">W ramach rekrutacji uzupe\u0142niaj\u0105cej do klas pierwszych p\u0142ywackich na rok szkolny 2026\/2027 odb\u0119d\u0105 si\u0119 testy p\u0142ywackie w terminie:<\/span><\/p>\n<p class=\"x_MsoNormal\" style=\"text-align: justify;\"><span style=\"font-size: 18px; color: #000000;\">06, 08, 11, 13 maja w godz. 17.15-18.00.<\/span><!--more--><\/p>\n","protected":false},"excerpt":{"rendered":"<p>W ramach rekrutacji uzupe\u0142niaj\u0105cej do klas pierwszych p\u0142ywackich na rok szkolny 2026\/2027 odb\u0119d\u0105 si\u0119 testy p\u0142ywackie w terminie: 06, 08, 11, 13 maja w godz. 17.15-18.00.<\/p>\n","protected":false},"author":1,"featured_media":19182,"comment_status":"closed","ping_status":"closed","sticky":true,"template":"","format":"standard","meta":{"rop_custom_images_group":[],"rop_custom_messages_group":[],"rop_publish_now":"initial","rop_publish_now_accounts":[],"rop_publish_now_history":[],"rop_publish_now_status":"pending","footnotes":""},"categories":[120,8],"tags":[],"class_list":["post-22289","post","type-post","status-publish","format-standard","has-post-thumbnail","hentry","category-klasy-1-3","category-najnowsze-wydarzenia"],"_links":{"self":[{"href":"http:\/\/sp91krakow.pl\/sp91\/wp-json\/wp\/v2\/posts\/22289","targetHints":{"allow":["GET"]}}],"collection":[{"href":"http:\/\/sp91krakow.pl\/sp91\/wp-json\/wp\/v2\/posts"}],"about":[{"href":"http:\/\/sp91krakow.pl\/sp91\/wp-json\/wp\/v2\/types\/post"}],"author":[{"embeddable":true,"href":"http:\/\/sp91krakow.pl\/sp91\/wp-json\/wp\/v2\/users\/1"}],"replies":[{"embeddable":true,"href":"http:\/\/sp91krakow.pl\/sp91\/wp-json\/wp\/v2\/comments?post=22289"}],"version-history":[{"count":1,"href":"http:\/\/sp91krakow.pl\/sp91\/wp-json\/wp\/v2\/posts\/22289\/revisions"}],"predecessor-version":[{"id":22290,"href":"http:\/\/sp91krakow.pl\/sp91\/wp-json\/wp\/v2\/posts\/22289\/revisions\/22290"}],"wp:featuredmedia":[{"embeddable":true,"href":"http:\/\/sp91krakow.pl\/sp91\/wp-json\/wp\/v2\/media\/19182"}],"wp:attachment":[{"href":"http:\/\/sp91krakow.pl\/sp91\/wp-json\/wp\/v2\/media?parent=22289"}],"wp:term":[{"taxonomy":"category","embeddable":true,"href":"http:\/\/sp91krakow.pl\/sp91\/wp-json\/wp\/v2\/categories?post=22289"},{"taxonomy":"post_tag","embeddable":true,"href":"http:\/\/sp91krakow.pl\/sp91\/wp-json\/wp\/v2\/tags?post=22289"}],"curies":[{"name":"wp","href":"https:\/\/api.w.org\/{rel}","templated":true}]}}