{"id":6727,"date":"2022-09-06T07:45:10","date_gmt":"2022-09-06T05:45:10","guid":{"rendered":"http:\/\/sp91krakow.pl\/sp91\/?p=6727"},"modified":"2022-09-07T09:07:57","modified_gmt":"2022-09-07T07:07:57","slug":"uroczyste-rozpoczecie-roku-szkolnego-w-klasach-1-3","status":"publish","type":"post","link":"http:\/\/sp91krakow.pl\/sp91\/2022\/09\/06\/uroczyste-rozpoczecie-roku-szkolnego-w-klasach-1-3\/","title":{"rendered":"Uroczyste rozpocz\u0119cie roku szkolnego w klasach 1-3"},"content":{"rendered":"<p style=\"text-align: center;\">W miniony czwartek wsp\u00f3lnie po\u017cegnali\u015bmy wakacje i rozpocz\u0119li\u015bmy nowy rok szkolny 2022\/2023.<\/p>\n<p><!--more--><\/p>\n<p style=\"text-align: center;\">Pani dyrektor Dorota Sowa- Ko\u0142odziej uroczy\u015bcie powita\u0142a wszystkich uczni\u00f3w, a tradycji\u00a0 dope\u0142ni\u0142 \u015bwietny wyst\u0119p klasy 3b pod kierunkiem pani Ma\u0142gorzaty Glonek.<\/p>\n<p><a href=\"http:\/\/sp91krakow.pl\/sp91\/wp-content\/uploads\/2022\/09\/1662398788109-scaled.jpg\"><img fetchpriority=\"high\" decoding=\"async\" class=\"aligncenter size-full wp-image-6729\" src=\"http:\/\/sp91krakow.pl\/sp91\/wp-content\/uploads\/2022\/09\/1662398788109-scaled.jpg\" alt=\"\" width=\"2560\" height=\"1183\" srcset=\"http:\/\/sp91krakow.pl\/sp91\/wp-content\/uploads\/2022\/09\/1662398788109-scaled.jpg 2560w, http:\/\/sp91krakow.pl\/sp91\/wp-content\/uploads\/2022\/09\/1662398788109-300x139.jpg 300w, http:\/\/sp91krakow.pl\/sp91\/wp-content\/uploads\/2022\/09\/1662398788109-1024x473.jpg 1024w, http:\/\/sp91krakow.pl\/sp91\/wp-content\/uploads\/2022\/09\/1662398788109-768x355.jpg 768w, http:\/\/sp91krakow.pl\/sp91\/wp-content\/uploads\/2022\/09\/1662398788109-1536x710.jpg 1536w, http:\/\/sp91krakow.pl\/sp91\/wp-content\/uploads\/2022\/09\/1662398788109-2048x946.jpg 2048w, http:\/\/sp91krakow.pl\/sp91\/wp-content\/uploads\/2022\/09\/1662398788109-1920x887.jpg 1920w\" sizes=\"(max-width: 2560px) 100vw, 2560px\" \/><\/a><a href=\"http:\/\/sp91krakow.pl\/sp91\/wp-content\/uploads\/2022\/09\/1662398788130-scaled.jpg\"><img decoding=\"async\" class=\"aligncenter size-full wp-image-6730\" src=\"http:\/\/sp91krakow.pl\/sp91\/wp-content\/uploads\/2022\/09\/1662398788130-scaled.jpg\" alt=\"\" width=\"2560\" height=\"1183\" srcset=\"http:\/\/sp91krakow.pl\/sp91\/wp-content\/uploads\/2022\/09\/1662398788130-scaled.jpg 2560w, http:\/\/sp91krakow.pl\/sp91\/wp-content\/uploads\/2022\/09\/1662398788130-300x139.jpg 300w, http:\/\/sp91krakow.pl\/sp91\/wp-content\/uploads\/2022\/09\/1662398788130-1024x473.jpg 1024w, http:\/\/sp91krakow.pl\/sp91\/wp-content\/uploads\/2022\/09\/1662398788130-768x355.jpg 768w, http:\/\/sp91krakow.pl\/sp91\/wp-content\/uploads\/2022\/09\/1662398788130-1536x710.jpg 1536w, http:\/\/sp91krakow.pl\/sp91\/wp-content\/uploads\/2022\/09\/1662398788130-2048x946.jpg 2048w, http:\/\/sp91krakow.pl\/sp91\/wp-content\/uploads\/2022\/09\/1662398788130-1920x887.jpg 1920w\" sizes=\"(max-width: 2560px) 100vw, 2560px\" \/><\/a><a href=\"http:\/\/sp91krakow.pl\/sp91\/wp-content\/uploads\/2022\/09\/1662398788148-scaled.jpg\"><img decoding=\"async\" class=\"aligncenter size-full wp-image-6731\" src=\"http:\/\/sp91krakow.pl\/sp91\/wp-content\/uploads\/2022\/09\/1662398788148-scaled.jpg\" alt=\"\" width=\"2560\" height=\"1183\" srcset=\"http:\/\/sp91krakow.pl\/sp91\/wp-content\/uploads\/2022\/09\/1662398788148-scaled.jpg 2560w, http:\/\/sp91krakow.pl\/sp91\/wp-content\/uploads\/2022\/09\/1662398788148-300x139.jpg 300w, http:\/\/sp91krakow.pl\/sp91\/wp-content\/uploads\/2022\/09\/1662398788148-1024x473.jpg 1024w, http:\/\/sp91krakow.pl\/sp91\/wp-content\/uploads\/2022\/09\/1662398788148-768x355.jpg 768w, http:\/\/sp91krakow.pl\/sp91\/wp-content\/uploads\/2022\/09\/1662398788148-1536x710.jpg 1536w, http:\/\/sp91krakow.pl\/sp91\/wp-content\/uploads\/2022\/09\/1662398788148-2048x946.jpg 2048w, http:\/\/sp91krakow.pl\/sp91\/wp-content\/uploads\/2022\/09\/1662398788148-1920x887.jpg 1920w\" sizes=\"(max-width: 2560px) 100vw, 2560px\" \/><\/a><\/p>\n<p><a href=\"http:\/\/sp91krakow.pl\/sp91\/wp-content\/uploads\/2022\/09\/1662534365309.jpg\"><img loading=\"lazy\" decoding=\"async\" class=\"aligncenter size-full wp-image-6747\" src=\"http:\/\/sp91krakow.pl\/sp91\/wp-content\/uploads\/2022\/09\/1662534365309.jpg\" alt=\"\" width=\"1600\" height=\"900\" srcset=\"http:\/\/sp91krakow.pl\/sp91\/wp-content\/uploads\/2022\/09\/1662534365309.jpg 1600w, http:\/\/sp91krakow.pl\/sp91\/wp-content\/uploads\/2022\/09\/1662534365309-300x169.jpg 300w, http:\/\/sp91krakow.pl\/sp91\/wp-content\/uploads\/2022\/09\/1662534365309-1024x576.jpg 1024w, http:\/\/sp91krakow.pl\/sp91\/wp-content\/uploads\/2022\/09\/1662534365309-768x432.jpg 768w, http:\/\/sp91krakow.pl\/sp91\/wp-content\/uploads\/2022\/09\/1662534365309-1536x864.jpg 1536w\" sizes=\"(max-width: 1600px) 100vw, 1600px\" \/><\/a> <a href=\"http:\/\/sp91krakow.pl\/sp91\/wp-content\/uploads\/2022\/09\/1662534365320.jpg\"><img loading=\"lazy\" decoding=\"async\" class=\"aligncenter size-full wp-image-6748\" src=\"http:\/\/sp91krakow.pl\/sp91\/wp-content\/uploads\/2022\/09\/1662534365320.jpg\" alt=\"\" width=\"1600\" height=\"900\" srcset=\"http:\/\/sp91krakow.pl\/sp91\/wp-content\/uploads\/2022\/09\/1662534365320.jpg 1600w, http:\/\/sp91krakow.pl\/sp91\/wp-content\/uploads\/2022\/09\/1662534365320-300x169.jpg 300w, http:\/\/sp91krakow.pl\/sp91\/wp-content\/uploads\/2022\/09\/1662534365320-1024x576.jpg 1024w, http:\/\/sp91krakow.pl\/sp91\/wp-content\/uploads\/2022\/09\/1662534365320-768x432.jpg 768w, http:\/\/sp91krakow.pl\/sp91\/wp-content\/uploads\/2022\/09\/1662534365320-1536x864.jpg 1536w\" sizes=\"(max-width: 1600px) 100vw, 1600px\" \/><\/a><\/p>\n","protected":false},"excerpt":{"rendered":"<p>W miniony czwartek wsp\u00f3lnie po\u017cegnali\u015bmy wakacje i rozpocz\u0119li\u015bmy nowy rok szkolny 2022\/2023.<\/p>\n","protected":false},"author":1,"featured_media":6728,"comment_status":"closed","ping_status":"closed","sticky":false,"template":"","format":"standard","meta":{"rop_custom_images_group":[],"rop_custom_messages_group":[],"rop_publish_now":"initial","rop_publish_now_accounts":[],"rop_publish_now_history":[],"rop_publish_now_status":"pending","footnotes":""},"categories":[120,8,3],"tags":[],"class_list":["post-6727","post","type-post","status-publish","format-standard","has-post-thumbnail","hentry","category-klasy-1-3","category-najnowsze-wydarzenia","category-wydarzenia-szkolne"],"_links":{"self":[{"href":"http:\/\/sp91krakow.pl\/sp91\/wp-json\/wp\/v2\/posts\/6727","targetHints":{"allow":["GET"]}}],"collection":[{"href":"http:\/\/sp91krakow.pl\/sp91\/wp-json\/wp\/v2\/posts"}],"about":[{"href":"http:\/\/sp91krakow.pl\/sp91\/wp-json\/wp\/v2\/types\/post"}],"author":[{"embeddable":true,"href":"http:\/\/sp91krakow.pl\/sp91\/wp-json\/wp\/v2\/users\/1"}],"replies":[{"embeddable":true,"href":"http:\/\/sp91krakow.pl\/sp91\/wp-json\/wp\/v2\/comments?post=6727"}],"version-history":[{"count":4,"href":"http:\/\/sp91krakow.pl\/sp91\/wp-json\/wp\/v2\/posts\/6727\/revisions"}],"predecessor-version":[{"id":6750,"href":"http:\/\/sp91krakow.pl\/sp91\/wp-json\/wp\/v2\/posts\/6727\/revisions\/6750"}],"wp:featuredmedia":[{"embeddable":true,"href":"http:\/\/sp91krakow.pl\/sp91\/wp-json\/wp\/v2\/media\/6728"}],"wp:attachment":[{"href":"http:\/\/sp91krakow.pl\/sp91\/wp-json\/wp\/v2\/media?parent=6727"}],"wp:term":[{"taxonomy":"category","embeddable":true,"href":"http:\/\/sp91krakow.pl\/sp91\/wp-json\/wp\/v2\/categories?post=6727"},{"taxonomy":"post_tag","embeddable":true,"href":"http:\/\/sp91krakow.pl\/sp91\/wp-json\/wp\/v2\/tags?post=6727"}],"curies":[{"name":"wp","href":"https:\/\/api.w.org\/{rel}","templated":true}]}}