{"id":6735,"date":"2022-09-06T08:11:12","date_gmt":"2022-09-06T06:11:12","guid":{"rendered":"http:\/\/sp91krakow.pl\/sp91\/?p=6735"},"modified":"2022-09-06T08:11:12","modified_gmt":"2022-09-06T06:11:12","slug":"wakacyjne-wspomnienia","status":"publish","type":"post","link":"http:\/\/sp91krakow.pl\/sp91\/2022\/09\/06\/wakacyjne-wspomnienia\/","title":{"rendered":"Wakacyjne wspomnienia"},"content":{"rendered":"<p style=\"text-align: center;\">We wakacje, dzi\u0119ki siostrze Bernardzie, dzieci z naszej szko\u0142y mia\u0142y okazj\u0119 uczestniczy\u0107 w kolonii w Jaros\u0142awcu. <!--more--><\/p>\n<p style=\"text-align: center;\">Ba\u0142tyk, zabawa, urodziny, by\u0142o&#8230; ciekawie \ud83d\ude42<\/p>\n<p><a href=\"http:\/\/sp91krakow.pl\/sp91\/wp-content\/uploads\/2022\/09\/1662444439204-scaled.jpg\"><img fetchpriority=\"high\" decoding=\"async\" class=\"aligncenter size-full wp-image-6736\" src=\"http:\/\/sp91krakow.pl\/sp91\/wp-content\/uploads\/2022\/09\/1662444439204-scaled.jpg\" alt=\"\" width=\"2560\" height=\"2560\" srcset=\"http:\/\/sp91krakow.pl\/sp91\/wp-content\/uploads\/2022\/09\/1662444439204-scaled.jpg 2560w, http:\/\/sp91krakow.pl\/sp91\/wp-content\/uploads\/2022\/09\/1662444439204-300x300.jpg 300w, http:\/\/sp91krakow.pl\/sp91\/wp-content\/uploads\/2022\/09\/1662444439204-1024x1024.jpg 1024w, http:\/\/sp91krakow.pl\/sp91\/wp-content\/uploads\/2022\/09\/1662444439204-150x150.jpg 150w, http:\/\/sp91krakow.pl\/sp91\/wp-content\/uploads\/2022\/09\/1662444439204-768x768.jpg 768w, http:\/\/sp91krakow.pl\/sp91\/wp-content\/uploads\/2022\/09\/1662444439204-1536x1536.jpg 1536w, http:\/\/sp91krakow.pl\/sp91\/wp-content\/uploads\/2022\/09\/1662444439204-2048x2048.jpg 2048w, http:\/\/sp91krakow.pl\/sp91\/wp-content\/uploads\/2022\/09\/1662444439204-1080x1080.jpg 1080w\" sizes=\"(max-width: 2560px) 100vw, 2560px\" \/><\/a><\/p>\n<p>&nbsp;<\/p>\n","protected":false},"excerpt":{"rendered":"<p>We wakacje, dzi\u0119ki siostrze Bernardzie, dzieci z naszej szko\u0142y mia\u0142y okazj\u0119 uczestniczy\u0107 w kolonii w Jaros\u0142awcu.<\/p>\n","protected":false},"author":1,"featured_media":6737,"comment_status":"closed","ping_status":"closed","sticky":false,"template":"","format":"standard","meta":{"rop_custom_images_group":[],"rop_custom_messages_group":[],"rop_publish_now":"initial","rop_publish_now_accounts":[],"rop_publish_now_history":[],"rop_publish_now_status":"pending","footnotes":""},"categories":[120,10],"tags":[],"class_list":["post-6735","post","type-post","status-publish","format-standard","has-post-thumbnail","hentry","category-klasy-1-3","category-wycieczki"],"_links":{"self":[{"href":"http:\/\/sp91krakow.pl\/sp91\/wp-json\/wp\/v2\/posts\/6735","targetHints":{"allow":["GET"]}}],"collection":[{"href":"http:\/\/sp91krakow.pl\/sp91\/wp-json\/wp\/v2\/posts"}],"about":[{"href":"http:\/\/sp91krakow.pl\/sp91\/wp-json\/wp\/v2\/types\/post"}],"author":[{"embeddable":true,"href":"http:\/\/sp91krakow.pl\/sp91\/wp-json\/wp\/v2\/users\/1"}],"replies":[{"embeddable":true,"href":"http:\/\/sp91krakow.pl\/sp91\/wp-json\/wp\/v2\/comments?post=6735"}],"version-history":[{"count":1,"href":"http:\/\/sp91krakow.pl\/sp91\/wp-json\/wp\/v2\/posts\/6735\/revisions"}],"predecessor-version":[{"id":6738,"href":"http:\/\/sp91krakow.pl\/sp91\/wp-json\/wp\/v2\/posts\/6735\/revisions\/6738"}],"wp:featuredmedia":[{"embeddable":true,"href":"http:\/\/sp91krakow.pl\/sp91\/wp-json\/wp\/v2\/media\/6737"}],"wp:attachment":[{"href":"http:\/\/sp91krakow.pl\/sp91\/wp-json\/wp\/v2\/media?parent=6735"}],"wp:term":[{"taxonomy":"category","embeddable":true,"href":"http:\/\/sp91krakow.pl\/sp91\/wp-json\/wp\/v2\/categories?post=6735"},{"taxonomy":"post_tag","embeddable":true,"href":"http:\/\/sp91krakow.pl\/sp91\/wp-json\/wp\/v2\/tags?post=6735"}],"curies":[{"name":"wp","href":"https:\/\/api.w.org\/{rel}","templated":true}]}}