{"id":7010,"date":"2022-10-05T09:59:35","date_gmt":"2022-10-05T07:59:35","guid":{"rendered":"http:\/\/sp91krakow.pl\/sp91\/?p=7010"},"modified":"2022-10-05T10:02:07","modified_gmt":"2022-10-05T08:02:07","slug":"dzien-aniola-stroza","status":"publish","type":"post","link":"http:\/\/sp91krakow.pl\/sp91\/2022\/10\/05\/dzien-aniola-stroza\/","title":{"rendered":"Dzie\u0144 Anio\u0142a Str\u00f3\u017ca"},"content":{"rendered":"<div class=\"gs\">\n<div class=\"\">\n<div id=\":ov\" class=\"ii gt\">\n<div id=\":ou\" class=\"a3s aiL \">\n<div dir=\"auto\" style=\"text-align: center;\">Drugiego pa\u017adziernika jest obchodzony dzie\u0144 Anio\u0142a Str\u00f3\u017ca.\u00a0 Z tej okazji uczniowie kl. I i II wykonali pi\u0119kne prace. Gratulujemy Uczniom i Rodzicom. Dzi\u0119kujemy.\u00a0<\/div>\n<div class=\"adL\">\u00a0<\/div>\n<\/div>\n<\/div>\n<\/div>\n<\/div>\n<p><!--more--><\/p>\n<p><a href=\"http:\/\/sp91krakow.pl\/sp91\/wp-content\/uploads\/2022\/10\/1664785133068-scaled.jpg\"><img fetchpriority=\"high\" decoding=\"async\" class=\"aligncenter size-full wp-image-7012\" src=\"http:\/\/sp91krakow.pl\/sp91\/wp-content\/uploads\/2022\/10\/1664785133068-scaled.jpg\" alt=\"\" width=\"2560\" height=\"2560\" srcset=\"http:\/\/sp91krakow.pl\/sp91\/wp-content\/uploads\/2022\/10\/1664785133068-scaled.jpg 2560w, http:\/\/sp91krakow.pl\/sp91\/wp-content\/uploads\/2022\/10\/1664785133068-300x300.jpg 300w, http:\/\/sp91krakow.pl\/sp91\/wp-content\/uploads\/2022\/10\/1664785133068-1024x1024.jpg 1024w, http:\/\/sp91krakow.pl\/sp91\/wp-content\/uploads\/2022\/10\/1664785133068-150x150.jpg 150w, http:\/\/sp91krakow.pl\/sp91\/wp-content\/uploads\/2022\/10\/1664785133068-768x768.jpg 768w, http:\/\/sp91krakow.pl\/sp91\/wp-content\/uploads\/2022\/10\/1664785133068-1536x1536.jpg 1536w, http:\/\/sp91krakow.pl\/sp91\/wp-content\/uploads\/2022\/10\/1664785133068-2048x2048.jpg 2048w, http:\/\/sp91krakow.pl\/sp91\/wp-content\/uploads\/2022\/10\/1664785133068-1080x1080.jpg 1080w\" sizes=\"(max-width: 2560px) 100vw, 2560px\" \/><\/a><a href=\"http:\/\/sp91krakow.pl\/sp91\/wp-content\/uploads\/2022\/10\/1664785133107.jpg\"><img decoding=\"async\" class=\"aligncenter size-full wp-image-7015\" src=\"http:\/\/sp91krakow.pl\/sp91\/wp-content\/uploads\/2022\/10\/1664785133107.jpg\" alt=\"\" width=\"960\" height=\"720\" srcset=\"http:\/\/sp91krakow.pl\/sp91\/wp-content\/uploads\/2022\/10\/1664785133107.jpg 960w, http:\/\/sp91krakow.pl\/sp91\/wp-content\/uploads\/2022\/10\/1664785133107-300x225.jpg 300w, http:\/\/sp91krakow.pl\/sp91\/wp-content\/uploads\/2022\/10\/1664785133107-768x576.jpg 768w\" sizes=\"(max-width: 960px) 100vw, 960px\" \/><\/a><a href=\"http:\/\/sp91krakow.pl\/sp91\/wp-content\/uploads\/2022\/10\/1664785133089.jpg\"><img decoding=\"async\" class=\"aligncenter size-full wp-image-7014\" src=\"http:\/\/sp91krakow.pl\/sp91\/wp-content\/uploads\/2022\/10\/1664785133089.jpg\" alt=\"\" width=\"960\" height=\"720\" srcset=\"http:\/\/sp91krakow.pl\/sp91\/wp-content\/uploads\/2022\/10\/1664785133089.jpg 960w, http:\/\/sp91krakow.pl\/sp91\/wp-content\/uploads\/2022\/10\/1664785133089-300x225.jpg 300w, http:\/\/sp91krakow.pl\/sp91\/wp-content\/uploads\/2022\/10\/1664785133089-768x576.jpg 768w\" sizes=\"(max-width: 960px) 100vw, 960px\" \/><\/a><\/p>\n","protected":false},"excerpt":{"rendered":"<p>Drugiego pa\u017adziernika jest obchodzony dzie\u0144 Anio\u0142a Str\u00f3\u017ca.\u00a0 Z tej okazji uczniowie kl. I i II wykonali pi\u0119kne prace. Gratulujemy Uczniom i Rodzicom. Dzi\u0119kujemy.\u00a0 \u00a0<\/p>\n","protected":false},"author":1,"featured_media":7011,"comment_status":"closed","ping_status":"closed","sticky":false,"template":"","format":"standard","meta":{"rop_custom_images_group":[],"rop_custom_messages_group":[],"rop_publish_now":"initial","rop_publish_now_accounts":[],"rop_publish_now_history":[],"rop_publish_now_status":"pending","footnotes":""},"categories":[120,8],"tags":[],"class_list":["post-7010","post","type-post","status-publish","format-standard","has-post-thumbnail","hentry","category-klasy-1-3","category-najnowsze-wydarzenia"],"_links":{"self":[{"href":"http:\/\/sp91krakow.pl\/sp91\/wp-json\/wp\/v2\/posts\/7010","targetHints":{"allow":["GET"]}}],"collection":[{"href":"http:\/\/sp91krakow.pl\/sp91\/wp-json\/wp\/v2\/posts"}],"about":[{"href":"http:\/\/sp91krakow.pl\/sp91\/wp-json\/wp\/v2\/types\/post"}],"author":[{"embeddable":true,"href":"http:\/\/sp91krakow.pl\/sp91\/wp-json\/wp\/v2\/users\/1"}],"replies":[{"embeddable":true,"href":"http:\/\/sp91krakow.pl\/sp91\/wp-json\/wp\/v2\/comments?post=7010"}],"version-history":[{"count":2,"href":"http:\/\/sp91krakow.pl\/sp91\/wp-json\/wp\/v2\/posts\/7010\/revisions"}],"predecessor-version":[{"id":7022,"href":"http:\/\/sp91krakow.pl\/sp91\/wp-json\/wp\/v2\/posts\/7010\/revisions\/7022"}],"wp:featuredmedia":[{"embeddable":true,"href":"http:\/\/sp91krakow.pl\/sp91\/wp-json\/wp\/v2\/media\/7011"}],"wp:attachment":[{"href":"http:\/\/sp91krakow.pl\/sp91\/wp-json\/wp\/v2\/media?parent=7010"}],"wp:term":[{"taxonomy":"category","embeddable":true,"href":"http:\/\/sp91krakow.pl\/sp91\/wp-json\/wp\/v2\/categories?post=7010"},{"taxonomy":"post_tag","embeddable":true,"href":"http:\/\/sp91krakow.pl\/sp91\/wp-json\/wp\/v2\/tags?post=7010"}],"curies":[{"name":"wp","href":"https:\/\/api.w.org\/{rel}","templated":true}]}}