{"id":7557,"date":"2022-11-21T19:00:20","date_gmt":"2022-11-21T18:00:20","guid":{"rendered":"http:\/\/sp91krakow.pl\/sp91\/?p=7557"},"modified":"2022-11-21T19:00:20","modified_gmt":"2022-11-21T18:00:20","slug":"swietliczaki-na-tropie-muminkow","status":"publish","type":"post","link":"http:\/\/sp91krakow.pl\/sp91\/2022\/11\/21\/swietliczaki-na-tropie-muminkow\/","title":{"rendered":"\u015awietliczaki na tropie&#8230;Mumink\u00f3w :)"},"content":{"rendered":"<p style=\"text-align: center;\">W tym roku szkolnym nasza \u015bwietlica bierze udzia\u0142 w projekcie &#8220;\u015awietliczaki na tropie&#8230; kolor\u00f3w \u015bwiata&#8221;.<\/p>\n<p style=\"text-align: center;\"><!--more--><\/p>\n<p style=\"text-align: center;\">Na ostatnich zaj\u0119ciach z serii \u015awietliczak\u00f3w, uczniowie z klas 2A i 2C wybrali si\u0119 wsp\u00f3lnie do Finlandii.<\/p>\n<p style=\"text-align: center;\">Podczas zaj\u0119\u0107 poznali\u015bmy r\u00f3\u017cne ciekawostki na temat Finlandii, wsp\u00f3lnie ogl\u0105dali\u015bmy prezentacj\u0119 i rozwi\u0105zywali\u015bmy zadania na temat gatunk\u00f3w drzew. Wykonali\u015bmy te\u017c prac\u0119 plastyczn\u0105 pt. &#8220;Muminki w zaczarowanym lesie&#8221;.\u00a0 To by\u0142y naprawd\u0119 ciekawe zaj\u0119cia!<\/p>\n","protected":false},"excerpt":{"rendered":"<p>W tym roku szkolnym nasza \u015bwietlica bierze udzia\u0142 w projekcie &#8220;\u015awietliczaki na tropie&#8230; kolor\u00f3w \u015bwiata&#8221;.<\/p>\n","protected":false},"author":1,"featured_media":7558,"comment_status":"closed","ping_status":"closed","sticky":false,"template":"","format":"standard","meta":{"rop_custom_images_group":[],"rop_custom_messages_group":[],"rop_publish_now":"initial","rop_publish_now_accounts":[],"rop_publish_now_history":[],"rop_publish_now_status":"pending","footnotes":""},"categories":[120,8],"tags":[],"class_list":["post-7557","post","type-post","status-publish","format-standard","has-post-thumbnail","hentry","category-klasy-1-3","category-najnowsze-wydarzenia"],"_links":{"self":[{"href":"http:\/\/sp91krakow.pl\/sp91\/wp-json\/wp\/v2\/posts\/7557","targetHints":{"allow":["GET"]}}],"collection":[{"href":"http:\/\/sp91krakow.pl\/sp91\/wp-json\/wp\/v2\/posts"}],"about":[{"href":"http:\/\/sp91krakow.pl\/sp91\/wp-json\/wp\/v2\/types\/post"}],"author":[{"embeddable":true,"href":"http:\/\/sp91krakow.pl\/sp91\/wp-json\/wp\/v2\/users\/1"}],"replies":[{"embeddable":true,"href":"http:\/\/sp91krakow.pl\/sp91\/wp-json\/wp\/v2\/comments?post=7557"}],"version-history":[{"count":2,"href":"http:\/\/sp91krakow.pl\/sp91\/wp-json\/wp\/v2\/posts\/7557\/revisions"}],"predecessor-version":[{"id":7560,"href":"http:\/\/sp91krakow.pl\/sp91\/wp-json\/wp\/v2\/posts\/7557\/revisions\/7560"}],"wp:featuredmedia":[{"embeddable":true,"href":"http:\/\/sp91krakow.pl\/sp91\/wp-json\/wp\/v2\/media\/7558"}],"wp:attachment":[{"href":"http:\/\/sp91krakow.pl\/sp91\/wp-json\/wp\/v2\/media?parent=7557"}],"wp:term":[{"taxonomy":"category","embeddable":true,"href":"http:\/\/sp91krakow.pl\/sp91\/wp-json\/wp\/v2\/categories?post=7557"},{"taxonomy":"post_tag","embeddable":true,"href":"http:\/\/sp91krakow.pl\/sp91\/wp-json\/wp\/v2\/tags?post=7557"}],"curies":[{"name":"wp","href":"https:\/\/api.w.org\/{rel}","templated":true}]}}