{"id":8190,"date":"2023-01-23T16:22:20","date_gmt":"2023-01-23T15:22:20","guid":{"rendered":"http:\/\/sp91krakow.pl\/sp91\/?p=8190"},"modified":"2023-01-23T16:25:11","modified_gmt":"2023-01-23T15:25:11","slug":"swietliczaki-na-tropie-kolorow-swiata-2","status":"publish","type":"post","link":"http:\/\/sp91krakow.pl\/sp91\/2023\/01\/23\/swietliczaki-na-tropie-kolorow-swiata-2\/","title":{"rendered":"\u015awietliczaki na tropie&#8230; kolor\u00f3w \u015awiata!"},"content":{"rendered":"<p style=\"text-align: center;\">W naszej \u015bwietlicy dzieci nie pr\u00f3\u017cnuj\u0105! Na ostatnich zaj\u0119ciach w ramach projektu &#8220;\u015awietliczaki na tropie&#8230;&#8221;, odwiedzili\u015bmy Afryk\u0119 . <!--more-->Uczniowie poznali ciekawostki na temat kolejnego kontynentu oraz s\u0142onia afryka\u0144skiego. Poznali\u015bmy r\u00f3\u017cnice pomi\u0119dzy r\u00f3\u017cnymi gatunkami s\u0142oni.\u00a0 Na koniec\u00a0 przygotowali\u015bmy wsp\u00f3lny plakat z szarych gazet, przedstawiaj\u0105cy s\u0142onia afryka\u0144skiego. Wszyscy \u015bwietnie poradzili sobie z wykonaniem tego zadania \ud83d\ude42<\/p>\n<p style=\"text-align: center;\"><a href=\"http:\/\/sp91krakow.pl\/sp91\/wp-content\/uploads\/2023\/01\/1674125595184-scaled.jpg\"><img fetchpriority=\"high\" decoding=\"async\" class=\"aligncenter size-full wp-image-8192\" src=\"http:\/\/sp91krakow.pl\/sp91\/wp-content\/uploads\/2023\/01\/1674125595184-scaled.jpg\" alt=\"\" width=\"2560\" height=\"1183\" srcset=\"http:\/\/sp91krakow.pl\/sp91\/wp-content\/uploads\/2023\/01\/1674125595184-scaled.jpg 2560w, http:\/\/sp91krakow.pl\/sp91\/wp-content\/uploads\/2023\/01\/1674125595184-300x139.jpg 300w, http:\/\/sp91krakow.pl\/sp91\/wp-content\/uploads\/2023\/01\/1674125595184-1024x473.jpg 1024w, http:\/\/sp91krakow.pl\/sp91\/wp-content\/uploads\/2023\/01\/1674125595184-768x355.jpg 768w, http:\/\/sp91krakow.pl\/sp91\/wp-content\/uploads\/2023\/01\/1674125595184-1536x710.jpg 1536w, http:\/\/sp91krakow.pl\/sp91\/wp-content\/uploads\/2023\/01\/1674125595184-2048x946.jpg 2048w, http:\/\/sp91krakow.pl\/sp91\/wp-content\/uploads\/2023\/01\/1674125595184-1920x887.jpg 1920w\" sizes=\"(max-width: 2560px) 100vw, 2560px\" \/><\/a><\/p>\n<p style=\"text-align: center;\">Po wi\u0119cej zdj\u0119\u0107 z zaj\u0119\u0107 \u015bwietlicowych zapraszamy do zak\u0142adki: <a href=\"http:\/\/sp91krakow.pl\/sp91\/swietlica\/\">\u015aWIETLICA<\/a><\/p>\n","protected":false},"excerpt":{"rendered":"<p>W naszej \u015bwietlicy dzieci nie pr\u00f3\u017cnuj\u0105! Na ostatnich zaj\u0119ciach w ramach projektu &#8220;\u015awietliczaki na tropie&#8230;&#8221;, odwiedzili\u015bmy Afryk\u0119 .<\/p>\n","protected":false},"author":1,"featured_media":8191,"comment_status":"closed","ping_status":"closed","sticky":false,"template":"","format":"standard","meta":{"rop_custom_images_group":[],"rop_custom_messages_group":[],"rop_publish_now":"initial","rop_publish_now_accounts":[],"rop_publish_now_history":[],"rop_publish_now_status":"pending","footnotes":""},"categories":[120,8,115],"tags":[],"class_list":["post-8190","post","type-post","status-publish","format-standard","has-post-thumbnail","hentry","category-klasy-1-3","category-najnowsze-wydarzenia","category-swietlica"],"_links":{"self":[{"href":"http:\/\/sp91krakow.pl\/sp91\/wp-json\/wp\/v2\/posts\/8190","targetHints":{"allow":["GET"]}}],"collection":[{"href":"http:\/\/sp91krakow.pl\/sp91\/wp-json\/wp\/v2\/posts"}],"about":[{"href":"http:\/\/sp91krakow.pl\/sp91\/wp-json\/wp\/v2\/types\/post"}],"author":[{"embeddable":true,"href":"http:\/\/sp91krakow.pl\/sp91\/wp-json\/wp\/v2\/users\/1"}],"replies":[{"embeddable":true,"href":"http:\/\/sp91krakow.pl\/sp91\/wp-json\/wp\/v2\/comments?post=8190"}],"version-history":[{"count":5,"href":"http:\/\/sp91krakow.pl\/sp91\/wp-json\/wp\/v2\/posts\/8190\/revisions"}],"predecessor-version":[{"id":8197,"href":"http:\/\/sp91krakow.pl\/sp91\/wp-json\/wp\/v2\/posts\/8190\/revisions\/8197"}],"wp:featuredmedia":[{"embeddable":true,"href":"http:\/\/sp91krakow.pl\/sp91\/wp-json\/wp\/v2\/media\/8191"}],"wp:attachment":[{"href":"http:\/\/sp91krakow.pl\/sp91\/wp-json\/wp\/v2\/media?parent=8190"}],"wp:term":[{"taxonomy":"category","embeddable":true,"href":"http:\/\/sp91krakow.pl\/sp91\/wp-json\/wp\/v2\/categories?post=8190"},{"taxonomy":"post_tag","embeddable":true,"href":"http:\/\/sp91krakow.pl\/sp91\/wp-json\/wp\/v2\/tags?post=8190"}],"curies":[{"name":"wp","href":"https:\/\/api.w.org\/{rel}","templated":true}]}}