{"id":9961,"date":"2023-11-10T07:28:28","date_gmt":"2023-11-10T06:28:28","guid":{"rendered":"http:\/\/sp91krakow.pl\/sp91\/?p=9961"},"modified":"2023-11-10T07:29:13","modified_gmt":"2023-11-10T06:29:13","slug":"przezyjmy-to-jeszcze-raz-czyli-szkola-bedzie-odjazdowa","status":"publish","type":"post","link":"http:\/\/sp91krakow.pl\/sp91\/2023\/11\/10\/przezyjmy-to-jeszcze-raz-czyli-szkola-bedzie-odjazdowa\/","title":{"rendered":"Prze\u017cyjMY to jeszcze raz, czyli &#8220;S(zko\u0142a) B(\u0119dzie ) O(djazdowa)"},"content":{"rendered":"<p style=\"text-align: justify;\"><span style=\"color: #000000;\">Motto: &#8220;Takie chwile jak te, nie zdarzaj\u0105 si\u0119 zbyt cz\u0119sto. Takie chwile jak te, to nasze zwyci\u0119stwo &#8230;&#8221;<br \/><\/span><span style=\"color: #000000;\">(K. Bednarek\/ Staff)<\/span><\/p>\n<p style=\"text-align: justify;\"><span style=\"color: #000000;\">Niniejszym jest nam niezmiernie mi\u0142o og\u0142osi\u0107 wszem i wobec, \u017ce w konkursie organizowanym przez Centrum M\u0142odzie\u017cy im. H. Jordana oraz Urz\u0105d Miasta Krakowa na promocj\u0119 Szkolnego Bud\u017cetu Obywatelskiego 2022 zaj\u0119li\u015bmy zaszczytne 5 miejsce.<\/span><\/p>\n<p style=\"text-align: justify;\"><span style=\"color: #000000;\">Nasz samorz\u0105dowy projekt pt: &#8220;S(zko\u0142a) B(\u0119dzie) O(djazdowa) zosta\u0142 wyr\u00f3\u017cniony spo\u015br\u00f3d 31 nades\u0142anych prac konkursowych. Stanowi to podstaw\u0119 do przyznania szkole nagrody finansowej w ramach Szkolnego Bud\u017cetu Obywatelskiego przez Gmin\u0119 Miejsk\u0105 Krak\u00f3w. https:\/\/youtu.be\/3gWY4PulB_4<\/span><\/p>\n<p style=\"text-align: justify;\"><span style=\"color: #000000;\">Jeszcze raz z ca\u0142ego SERCA dzi\u0119kujeMY wszystkim, kt\u00f3rzy aktywnie w\u0142\u0105czyli si\u0119 w realizacj\u0119 filmu reklamuj\u0105cego SBO. I zapami\u0119tajcie, \u017ce Samorz\u0105d Od Kusego rz\u0105dzi, samorz\u0105d radzi, samorz\u0105d nigdy Was nie zdradzi. Do zobaczenia na samorz\u0105dowym szlaku \ud83d\ude42<\/span><\/p>\n<p style=\"text-align: justify;\"><span style=\"color: #000000;\">Samorz\u0105dowa Partia Szkolna \u201ePSZCZELARZE\u201d (Eryk Farnaus, Patryk Sporek, Micha\u0142 \u015awi\u0119tach)<\/span><\/p>\n<p>&nbsp;<\/p>\n<p><a href=\"http:\/\/sp91krakow.pl\/sp91\/wp-content\/uploads\/2023\/11\/tekst-1-5-scaled.jpg\"><img fetchpriority=\"high\" decoding=\"async\" class=\"aligncenter size-full wp-image-9963\" src=\"http:\/\/sp91krakow.pl\/sp91\/wp-content\/uploads\/2023\/11\/tekst-1-5-scaled.jpg\" alt=\"\" width=\"2560\" height=\"1920\" srcset=\"http:\/\/sp91krakow.pl\/sp91\/wp-content\/uploads\/2023\/11\/tekst-1-5-scaled.jpg 2560w, http:\/\/sp91krakow.pl\/sp91\/wp-content\/uploads\/2023\/11\/tekst-1-5-300x225.jpg 300w, http:\/\/sp91krakow.pl\/sp91\/wp-content\/uploads\/2023\/11\/tekst-1-5-1024x768.jpg 1024w, http:\/\/sp91krakow.pl\/sp91\/wp-content\/uploads\/2023\/11\/tekst-1-5-768x576.jpg 768w, http:\/\/sp91krakow.pl\/sp91\/wp-content\/uploads\/2023\/11\/tekst-1-5-1536x1152.jpg 1536w, http:\/\/sp91krakow.pl\/sp91\/wp-content\/uploads\/2023\/11\/tekst-1-5-2048x1536.jpg 2048w, http:\/\/sp91krakow.pl\/sp91\/wp-content\/uploads\/2023\/11\/tekst-1-5-1440x1080.jpg 1440w\" sizes=\"(max-width: 2560px) 100vw, 2560px\" \/><\/a><br \/><a href=\"http:\/\/sp91krakow.pl\/sp91\/wp-content\/uploads\/2023\/11\/tekst-1-4-scaled.jpg\"><img decoding=\"async\" class=\"aligncenter size-full wp-image-9964\" src=\"http:\/\/sp91krakow.pl\/sp91\/wp-content\/uploads\/2023\/11\/tekst-1-4-scaled.jpg\" alt=\"\" width=\"2560\" height=\"1920\" srcset=\"http:\/\/sp91krakow.pl\/sp91\/wp-content\/uploads\/2023\/11\/tekst-1-4-scaled.jpg 2560w, http:\/\/sp91krakow.pl\/sp91\/wp-content\/uploads\/2023\/11\/tekst-1-4-300x225.jpg 300w, http:\/\/sp91krakow.pl\/sp91\/wp-content\/uploads\/2023\/11\/tekst-1-4-1024x768.jpg 1024w, http:\/\/sp91krakow.pl\/sp91\/wp-content\/uploads\/2023\/11\/tekst-1-4-768x576.jpg 768w, http:\/\/sp91krakow.pl\/sp91\/wp-content\/uploads\/2023\/11\/tekst-1-4-1536x1152.jpg 1536w, http:\/\/sp91krakow.pl\/sp91\/wp-content\/uploads\/2023\/11\/tekst-1-4-2048x1536.jpg 2048w, http:\/\/sp91krakow.pl\/sp91\/wp-content\/uploads\/2023\/11\/tekst-1-4-1440x1080.jpg 1440w\" sizes=\"(max-width: 2560px) 100vw, 2560px\" \/><\/a><br \/><a href=\"http:\/\/sp91krakow.pl\/sp91\/wp-content\/uploads\/2023\/11\/tekst-1-3-scaled.jpg\"><img decoding=\"async\" class=\"aligncenter size-full wp-image-9965\" src=\"http:\/\/sp91krakow.pl\/sp91\/wp-content\/uploads\/2023\/11\/tekst-1-3-scaled.jpg\" alt=\"\" width=\"2560\" height=\"1920\" srcset=\"http:\/\/sp91krakow.pl\/sp91\/wp-content\/uploads\/2023\/11\/tekst-1-3-scaled.jpg 2560w, http:\/\/sp91krakow.pl\/sp91\/wp-content\/uploads\/2023\/11\/tekst-1-3-300x225.jpg 300w, http:\/\/sp91krakow.pl\/sp91\/wp-content\/uploads\/2023\/11\/tekst-1-3-1024x768.jpg 1024w, http:\/\/sp91krakow.pl\/sp91\/wp-content\/uploads\/2023\/11\/tekst-1-3-768x576.jpg 768w, http:\/\/sp91krakow.pl\/sp91\/wp-content\/uploads\/2023\/11\/tekst-1-3-1536x1152.jpg 1536w, http:\/\/sp91krakow.pl\/sp91\/wp-content\/uploads\/2023\/11\/tekst-1-3-2048x1536.jpg 2048w, http:\/\/sp91krakow.pl\/sp91\/wp-content\/uploads\/2023\/11\/tekst-1-3-1440x1080.jpg 1440w\" sizes=\"(max-width: 2560px) 100vw, 2560px\" \/><\/a><\/p>\n<p><a href=\"http:\/\/sp91krakow.pl\/sp91\/wp-content\/uploads\/2023\/11\/tekst-1-2-scaled.jpg\"><img loading=\"lazy\" decoding=\"async\" class=\"aligncenter size-full wp-image-9967\" src=\"http:\/\/sp91krakow.pl\/sp91\/wp-content\/uploads\/2023\/11\/tekst-1-2-scaled.jpg\" alt=\"\" width=\"2560\" height=\"1920\" srcset=\"http:\/\/sp91krakow.pl\/sp91\/wp-content\/uploads\/2023\/11\/tekst-1-2-scaled.jpg 2560w, http:\/\/sp91krakow.pl\/sp91\/wp-content\/uploads\/2023\/11\/tekst-1-2-300x225.jpg 300w, http:\/\/sp91krakow.pl\/sp91\/wp-content\/uploads\/2023\/11\/tekst-1-2-1024x768.jpg 1024w, http:\/\/sp91krakow.pl\/sp91\/wp-content\/uploads\/2023\/11\/tekst-1-2-768x576.jpg 768w, http:\/\/sp91krakow.pl\/sp91\/wp-content\/uploads\/2023\/11\/tekst-1-2-1536x1152.jpg 1536w, http:\/\/sp91krakow.pl\/sp91\/wp-content\/uploads\/2023\/11\/tekst-1-2-2048x1536.jpg 2048w, http:\/\/sp91krakow.pl\/sp91\/wp-content\/uploads\/2023\/11\/tekst-1-2-1440x1080.jpg 1440w\" sizes=\"(max-width: 2560px) 100vw, 2560px\" \/><\/a><\/p>\n<p>&nbsp;<\/p>\n","protected":false},"excerpt":{"rendered":"<p>Motto: &#8220;Takie chwile jak te, nie zdarzaj\u0105 si\u0119 zbyt cz\u0119sto. Takie chwile jak te, to nasze zwyci\u0119stwo &#8230;&#8221;(K. Bednarek\/ Staff) Niniejszym jest nam niezmiernie mi\u0142o og\u0142osi\u0107 wszem i wobec, \u017ce w konkursie organizowanym przez Centrum M\u0142odzie\u017cy im. H. Jordana oraz Urz\u0105d Miasta Krakowa na promocj\u0119 Szkolnego Bud\u017cetu Obywatelskiego 2022 zaj\u0119li\u015bmy zaszczytne 5 miejsce. Nasz samorz\u0105dowy&hellip; <br \/> <a class=\"read-more\" href=\"http:\/\/sp91krakow.pl\/sp91\/2023\/11\/10\/przezyjmy-to-jeszcze-raz-czyli-szkola-bedzie-odjazdowa\/\">Dowiedz si\u0119 wi\u0119cej<\/a><\/p>\n","protected":false},"author":1,"featured_media":9962,"comment_status":"closed","ping_status":"closed","sticky":false,"template":"","format":"standard","meta":{"rop_custom_images_group":[],"rop_custom_messages_group":[],"rop_publish_now":"initial","rop_publish_now_accounts":[],"rop_publish_now_history":[],"rop_publish_now_status":"pending","footnotes":""},"categories":[121,8,59],"tags":[],"class_list":["post-9961","post","type-post","status-publish","format-standard","has-post-thumbnail","hentry","category-klasy-4-8","category-najnowsze-wydarzenia","category-samorzad-uczniowski"],"_links":{"self":[{"href":"http:\/\/sp91krakow.pl\/sp91\/wp-json\/wp\/v2\/posts\/9961","targetHints":{"allow":["GET"]}}],"collection":[{"href":"http:\/\/sp91krakow.pl\/sp91\/wp-json\/wp\/v2\/posts"}],"about":[{"href":"http:\/\/sp91krakow.pl\/sp91\/wp-json\/wp\/v2\/types\/post"}],"author":[{"embeddable":true,"href":"http:\/\/sp91krakow.pl\/sp91\/wp-json\/wp\/v2\/users\/1"}],"replies":[{"embeddable":true,"href":"http:\/\/sp91krakow.pl\/sp91\/wp-json\/wp\/v2\/comments?post=9961"}],"version-history":[{"count":4,"href":"http:\/\/sp91krakow.pl\/sp91\/wp-json\/wp\/v2\/posts\/9961\/revisions"}],"predecessor-version":[{"id":9971,"href":"http:\/\/sp91krakow.pl\/sp91\/wp-json\/wp\/v2\/posts\/9961\/revisions\/9971"}],"wp:featuredmedia":[{"embeddable":true,"href":"http:\/\/sp91krakow.pl\/sp91\/wp-json\/wp\/v2\/media\/9962"}],"wp:attachment":[{"href":"http:\/\/sp91krakow.pl\/sp91\/wp-json\/wp\/v2\/media?parent=9961"}],"wp:term":[{"taxonomy":"category","embeddable":true,"href":"http:\/\/sp91krakow.pl\/sp91\/wp-json\/wp\/v2\/categories?post=9961"},{"taxonomy":"post_tag","embeddable":true,"href":"http:\/\/sp91krakow.pl\/sp91\/wp-json\/wp\/v2\/tags?post=9961"}],"curies":[{"name":"wp","href":"https:\/\/api.w.org\/{rel}","templated":true}]}}